{"id":60808,"date":"2018-08-10T06:17:32","date_gmt":"2018-08-10T09:17:32","guid":{"rendered":"http:\/\/caririemacao.com\/1\/?p=60808"},"modified":"2018-08-10T06:17:32","modified_gmt":"2018-08-10T09:17:32","slug":"camalau-inicia-inscricoes-do-programa-garantia-safra-2","status":"publish","type":"post","link":"https:\/\/www.caririemacao.com\/1\/2018\/08\/10\/camalau-inicia-inscricoes-do-programa-garantia-safra-2\/","title":{"rendered":"Camala\u00fa inicia inscri\u00e7\u00f5es do Programa Garantia Safra"},"content":{"rendered":"<p>A Secretaria de Agricultura de Camala\u00fa, Emater, Sindicato dos Trabalhadores Rurais e CMDRS comunicam a todos os agricultores familiares que as inscri\u00e7\u00f5es do Programa Garanta Safra 2018\/2019 j\u00e1 foram iniciadas no \u00faltimo dia 06\/08 e encerra no dia 17 deste m\u00eas.<br \/>\nConfira o cronograma das localidades do dia 10 a 17\/08:Dia 10\/08<br \/>\nManh\u00e3: Grupo Escola do S\u00edtio Ro\u00e7a Velha<br \/>\nTarde: S\u00edtio do Meio<br \/>\nDia 13\/08<br \/>\nManh\u00e3: S\u00edtio Ro\u00e7a Nova<br \/>\nTarde: Grupo Escola do S\u00edtio Sal\u00e3o<br \/>\nDia 14\/08<br \/>\nManh\u00e3: Sal\u00e3o Paroquial do distrito de Pindur\u00e3o<br \/>\nDia 15\/08<br \/>\nManh\u00e3: Grupo Escolar do S\u00edtio Moc\u00f3<br \/>\nTarde: Grupo Escola do S\u00edtio Porteiras<br \/>\nDia 16\/08<br \/>\nManh\u00e3: Grupo Escola do S\u00edtio Madeira<br \/>\nDia 17\/08<br \/>\nManh\u00e3: Sede do Assentamento Novo Mundo (dando oportunidade aos agricultores que por algum motivo n\u00e3o conseguiram se inscrever em sua comunidade)<br \/>\nO secret\u00e1rio N\u00eago M\u00f4co lembra que a rela\u00e7\u00e3o da documenta\u00e7\u00e3o exigida encontra-se na Secretaria de Agricultura do munic\u00edpio.<\/p>\n<p>&nbsp;<\/p>\n<p><strong>Ascom\/Foto: Reprodu\u00e7\u00e3o\u00a0<\/strong><\/p>\n<p>Cariri Em A\u00e7\u00e3o<\/p>\n<p>Leia mais not\u00edcias em\u00a0<a href=\"http:\/\/www.caririemacao.com\/\">caririemacao.com<\/a>, siga nossa p\u00e1gina no\u00a0<a href=\"https:\/\/www.facebook.com\/CaririEmAcao\/?ref=aymt_homepage_panel\">Facebook<\/a>,\u00a0<a href=\"https:\/\/www.instagram.com\/cariri_em_acao\/?hl=pt-br\">Instagram<\/a>\u00a0e\u00a0<a href=\"https:\/\/www.youtube.com\/channel\/UCAptA0jQuYQy8vMhLt2m4qg\">Youtube<\/a>\u00a0e veja nossas mat\u00e9rias, v\u00eddeos e fotos. Voc\u00ea tamb\u00e9m pode enviar informa\u00e7\u00f5es \u00e0 Reda\u00e7\u00e3o do Portal Cariri em A\u00e7\u00e3o pelo WhatsApp (83) 9 9634.5791, (83) 9 9601-1162.<\/p>\n","protected":false},"excerpt":{"rendered":"<p>A Secretaria de Agricultura de Camala\u00fa, Emater, Sindicato dos Trabalhadores Rurais e CMDRS comunicam a todos os agricultores familiares que as inscri\u00e7\u00f5es do Programa Garanta&hellip; <\/p>\n","protected":false},"author":1,"featured_media":52127,"comment_status":"closed","ping_status":"closed","sticky":false,"template":"","format":"standard","meta":{"sfsi_plus_gutenberg_text_before_share":"","sfsi_plus_gutenberg_show_text_before_share":"","sfsi_plus_gutenberg_icon_type":"","sfsi_plus_gutenberg_icon_alignemt":"","sfsi_plus_gutenburg_max_per_row":"","footnotes":""},"categories":[2],"tags":[],"class_list":["post-60808","post","type-post","status-publish","format-standard","has-post-thumbnail","hentry","category-geral"],"_links":{"self":[{"href":"https:\/\/www.caririemacao.com\/1\/wp-json\/wp\/v2\/posts\/60808","targetHints":{"allow":["GET"]}}],"collection":[{"href":"https:\/\/www.caririemacao.com\/1\/wp-json\/wp\/v2\/posts"}],"about":[{"href":"https:\/\/www.caririemacao.com\/1\/wp-json\/wp\/v2\/types\/post"}],"author":[{"embeddable":true,"href":"https:\/\/www.caririemacao.com\/1\/wp-json\/wp\/v2\/users\/1"}],"replies":[{"embeddable":true,"href":"https:\/\/www.caririemacao.com\/1\/wp-json\/wp\/v2\/comments?post=60808"}],"version-history":[{"count":1,"href":"https:\/\/www.caririemacao.com\/1\/wp-json\/wp\/v2\/posts\/60808\/revisions"}],"predecessor-version":[{"id":60809,"href":"https:\/\/www.caririemacao.com\/1\/wp-json\/wp\/v2\/posts\/60808\/revisions\/60809"}],"wp:featuredmedia":[{"embeddable":true,"href":"https:\/\/www.caririemacao.com\/1\/wp-json\/wp\/v2\/media\/52127"}],"wp:attachment":[{"href":"https:\/\/www.caririemacao.com\/1\/wp-json\/wp\/v2\/media?parent=60808"}],"wp:term":[{"taxonomy":"category","embeddable":true,"href":"https:\/\/www.caririemacao.com\/1\/wp-json\/wp\/v2\/categories?post=60808"},{"taxonomy":"post_tag","embeddable":true,"href":"https:\/\/www.caririemacao.com\/1\/wp-json\/wp\/v2\/tags?post=60808"}],"curies":[{"name":"wp","href":"https:\/\/api.w.org\/{rel}","templated":true}]}}