{"id":60811,"date":"2018-08-10T07:36:35","date_gmt":"2018-08-10T10:36:35","guid":{"rendered":"http:\/\/caririemacao.com\/1\/?p=60811"},"modified":"2018-08-10T07:36:35","modified_gmt":"2018-08-10T10:36:35","slug":"previsao-do-tempo-para-esta-sexta-feira-em-toda-paraiba-2","status":"publish","type":"post","link":"https:\/\/www.caririemacao.com\/1\/2018\/08\/10\/previsao-do-tempo-para-esta-sexta-feira-em-toda-paraiba-2\/","title":{"rendered":"Previs\u00e3o do tempo para esta sexta-feira em toda Para\u00edba"},"content":{"rendered":"<p><img decoding=\"async\" class=\"size-full wp-image-410298 lazyload\" data-src=\"https:\/\/paraibaonline.com.br\/wp-content\/uploads\/2018\/06\/clima-tempo.jpg\" data-srcset=\"https:\/\/paraibaonline.com.br\/wp-content\/uploads\/2018\/06\/clima-tempo.jpg 800w, https:\/\/paraibaonline.com.br\/wp-content\/uploads\/2018\/06\/clima-tempo-567x378.jpg 567w\" alt=\"\" src=\"data:image\/svg+xml;base64,PHN2ZyB3aWR0aD0iMSIgaGVpZ2h0PSIxIiB4bWxucz0iaHR0cDovL3d3dy53My5vcmcvMjAwMC9zdmciPjwvc3ZnPg==\" \/><\/p>\n<p>O setor leste da Para\u00edba encontra-se com a forma\u00e7\u00e3o de nuvens do tipo \u201cbaixa\u201d associadas ao deslocamento de umidade vinda do oceano Atl\u00e2ntico em dire\u00e7\u00e3o \u00e0 costa leste do Estado, trazida pelos ventos al\u00edsios de sudeste (ventos em baixos n\u00edveis da atmosfera que normalmente nesta \u00e9poca do ano sopram com mais intensidade). Com isso poder\u00e3o ocorrer chuvas passageiras e pontuais na faixa litor\u00e2nea.<\/p>\n<p><img fetchpriority=\"high\" decoding=\"async\" class=\"alignnone size-medium wp-image-60812\" src=\"http:\/\/caririemacao.com\/1\/wp-content\/uploads\/2018\/08\/tempo1008-300x180.jpg\" alt=\"\" width=\"300\" height=\"180\" srcset=\"https:\/\/www.caririemacao.com\/1\/wp-content\/uploads\/2018\/08\/tempo1008-300x180.jpg 300w, https:\/\/www.caririemacao.com\/1\/wp-content\/uploads\/2018\/08\/tempo1008-768x461.jpg 768w, https:\/\/www.caririemacao.com\/1\/wp-content\/uploads\/2018\/08\/tempo1008.jpg 800w\" sizes=\"(max-width: 300px) 100vw, 300px\" \/><\/p>\n<p>&nbsp;<\/p>\n<p><strong>Para\u00edba Online\/Foto: Reprodu\u00e7\u00e3o\u00a0<\/strong><\/p>\n<p>Cariri Em A\u00e7\u00e3o<\/p>\n<p>Leia mais not\u00edcias em\u00a0<a href=\"http:\/\/www.caririemacao.com\/\">caririemacao.com<\/a>, siga nossa p\u00e1gina no\u00a0<a href=\"https:\/\/www.facebook.com\/CaririEmAcao\/?ref=aymt_homepage_panel\">Facebook<\/a>,\u00a0<a href=\"https:\/\/www.instagram.com\/cariri_em_acao\/?hl=pt-br\">Instagram<\/a>\u00a0e\u00a0<a href=\"https:\/\/www.youtube.com\/channel\/UCAptA0jQuYQy8vMhLt2m4qg\">Youtube<\/a>\u00a0e veja nossas mat\u00e9rias, v\u00eddeos e fotos. Voc\u00ea tamb\u00e9m pode enviar informa\u00e7\u00f5es \u00e0 Reda\u00e7\u00e3o do Portal Cariri em A\u00e7\u00e3o pelo WhatsApp (83) 9 9634.5791, (83) 9 9601-1162.<\/p>\n","protected":false},"excerpt":{"rendered":"<p>O setor leste da Para\u00edba encontra-se com a forma\u00e7\u00e3o de nuvens do tipo \u201cbaixa\u201d associadas ao deslocamento de umidade vinda do oceano Atl\u00e2ntico em dire\u00e7\u00e3o&hellip; <\/p>\n","protected":false},"author":1,"featured_media":60812,"comment_status":"closed","ping_status":"closed","sticky":false,"template":"","format":"standard","meta":{"sfsi_plus_gutenberg_text_before_share":"","sfsi_plus_gutenberg_show_text_before_share":"","sfsi_plus_gutenberg_icon_type":"","sfsi_plus_gutenberg_icon_alignemt":"","sfsi_plus_gutenburg_max_per_row":"","footnotes":""},"categories":[6],"tags":[],"class_list":["post-60811","post","type-post","status-publish","format-standard","has-post-thumbnail","hentry","category-cidades"],"_links":{"self":[{"href":"https:\/\/www.caririemacao.com\/1\/wp-json\/wp\/v2\/posts\/60811","targetHints":{"allow":["GET"]}}],"collection":[{"href":"https:\/\/www.caririemacao.com\/1\/wp-json\/wp\/v2\/posts"}],"about":[{"href":"https:\/\/www.caririemacao.com\/1\/wp-json\/wp\/v2\/types\/post"}],"author":[{"embeddable":true,"href":"https:\/\/www.caririemacao.com\/1\/wp-json\/wp\/v2\/users\/1"}],"replies":[{"embeddable":true,"href":"https:\/\/www.caririemacao.com\/1\/wp-json\/wp\/v2\/comments?post=60811"}],"version-history":[{"count":1,"href":"https:\/\/www.caririemacao.com\/1\/wp-json\/wp\/v2\/posts\/60811\/revisions"}],"predecessor-version":[{"id":60813,"href":"https:\/\/www.caririemacao.com\/1\/wp-json\/wp\/v2\/posts\/60811\/revisions\/60813"}],"wp:featuredmedia":[{"embeddable":true,"href":"https:\/\/www.caririemacao.com\/1\/wp-json\/wp\/v2\/media\/60812"}],"wp:attachment":[{"href":"https:\/\/www.caririemacao.com\/1\/wp-json\/wp\/v2\/media?parent=60811"}],"wp:term":[{"taxonomy":"category","embeddable":true,"href":"https:\/\/www.caririemacao.com\/1\/wp-json\/wp\/v2\/categories?post=60811"},{"taxonomy":"post_tag","embeddable":true,"href":"https:\/\/www.caririemacao.com\/1\/wp-json\/wp\/v2\/tags?post=60811"}],"curies":[{"name":"wp","href":"https:\/\/api.w.org\/{rel}","templated":true}]}}