{"id":60815,"date":"2018-08-10T10:48:00","date_gmt":"2018-08-10T13:48:00","guid":{"rendered":"http:\/\/caririemacao.com\/1\/?p=60815"},"modified":"2018-08-10T10:50:39","modified_gmt":"2018-08-10T13:50:39","slug":"crianca-portadora-de-sindrome-de-down-de-apenas-um-ano-e-estuprada-e-morta-na-pb","status":"publish","type":"post","link":"https:\/\/www.caririemacao.com\/1\/2018\/08\/10\/crianca-portadora-de-sindrome-de-down-de-apenas-um-ano-e-estuprada-e-morta-na-pb\/","title":{"rendered":"Crian\u00e7a portadora de S\u00edndrome de Down de apenas um ano \u00e9 estuprada e morta na PB"},"content":{"rendered":"<p>Uma menina de apenas um ano e dois meses de idade morreu na tarde desta quinta-feira (9) ap\u00f3s dar entrada no Hospital da Crian\u00e7a e do Adolescente de Campina Grande. A menina era moradora da cidade de Lagoa Seca, portadora de S\u00edndrome de Down e cardiopata e pode ter sido abusada sexualmente dias antes.<\/p>\n<p>De acordo com a\u00a0 diretora do hospital geral de Lagoa Seca, Joedna Maria da Silva, a menina deu entrada na unidade hospitalar por volta das 14h com o quadro cl\u00ednico de tosse, sonol\u00eancia e cansa\u00e7o j\u00e1 agravado. O hospital n\u00e3o tinha suporte para atender a crian\u00e7a e a m\u00e9dica plantonista a encaminhou para o Hospital da Crian\u00e7a e do Adolescente de Campina Grande, onde a menina chegou e foi direto para a Unidade de Terapia Intensiva (UTI).<\/p>\n<p>Por volta das 18h30 a crian\u00e7a n\u00e3o resistiu e veio a \u00f3bito. A m\u00e9dica encaminhou o corpo para o N\u00facleo de Medicina e Odontologia Legal (Numol) para que fosse feita a necr\u00f3psia. Durante o exame no corpo da crian\u00e7a foi constatada uma dilata\u00e7\u00e3o anormal no anus e na vagina da menina, o que leva a crer que ela foi abusada sexualmente.<\/p>\n<p>A nossa equipe de reportagem entrou em contato com a secret\u00e1ria de assist\u00eancia social do munic\u00edpio de\u00a0 Lagoa Seca, Cristiane Cavalcanti, para saber detalhes sobre a crian\u00e7a. Segundo informou a mulher, a crian\u00e7a sempre aparecia na Secret\u00e1ria de Sa\u00fade com a m\u00e3e para buscar medicamos. Agora, a grande preocupa\u00e7\u00e3o da comunidade e do Conselho Tutelar \u00e9 com a outra filha, irm\u00e3 da crian\u00e7a morta, que tem apenas sete anos de idade.<\/p>\n<p>\u201cSe essa menina de um ano e dois meses estava sendo abusada, a menina maiorzinha tamb\u00e9m pode estar passando pela mesma coisa\u201d, disse a secret\u00e1ria.<\/p>\n<p>A Pol\u00edcia Civil junto com o Conselho Tutelar est\u00e3o investigando o caso.<\/p>\n<p>&nbsp;<\/p>\n<p><strong>Para\u00edba J\u00e1\/Foto: Reprodu\u00e7\u00e3o\u00a0<\/strong><\/p>\n<p>Cariri Em A\u00e7\u00e3o<\/p>\n<p>Leia mais not\u00edcias em\u00a0<a href=\"http:\/\/www.caririemacao.com\/\">caririemacao.com<\/a>, siga nossa p\u00e1gina no\u00a0<a href=\"https:\/\/www.facebook.com\/CaririEmAcao\/?ref=aymt_homepage_panel\">Facebook<\/a>,\u00a0<a href=\"https:\/\/www.instagram.com\/cariri_em_acao\/?hl=pt-br\">Instagram<\/a>\u00a0e\u00a0<a href=\"https:\/\/www.youtube.com\/channel\/UCAptA0jQuYQy8vMhLt2m4qg\">Youtube<\/a>\u00a0e veja nossas mat\u00e9rias, v\u00eddeos e fotos. Voc\u00ea tamb\u00e9m pode enviar informa\u00e7\u00f5es \u00e0 Reda\u00e7\u00e3o do Portal Cariri em A\u00e7\u00e3o pelo WhatsApp (83) 9 9634.5791, (83) 9 9601-1162.<\/p>\n","protected":false},"excerpt":{"rendered":"<p>Uma menina de apenas um ano e dois meses de idade morreu na tarde desta quinta-feira (9) ap\u00f3s dar entrada no Hospital da Crian\u00e7a e&hellip; <\/p>\n","protected":false},"author":1,"featured_media":2869,"comment_status":"closed","ping_status":"closed","sticky":false,"template":"","format":"standard","meta":{"sfsi_plus_gutenberg_text_before_share":"","sfsi_plus_gutenberg_show_text_before_share":"","sfsi_plus_gutenberg_icon_type":"","sfsi_plus_gutenberg_icon_alignemt":"","sfsi_plus_gutenburg_max_per_row":"","footnotes":""},"categories":[12],"tags":[],"class_list":["post-60815","post","type-post","status-publish","format-standard","has-post-thumbnail","hentry","category-policia"],"_links":{"self":[{"href":"https:\/\/www.caririemacao.com\/1\/wp-json\/wp\/v2\/posts\/60815","targetHints":{"allow":["GET"]}}],"collection":[{"href":"https:\/\/www.caririemacao.com\/1\/wp-json\/wp\/v2\/posts"}],"about":[{"href":"https:\/\/www.caririemacao.com\/1\/wp-json\/wp\/v2\/types\/post"}],"author":[{"embeddable":true,"href":"https:\/\/www.caririemacao.com\/1\/wp-json\/wp\/v2\/users\/1"}],"replies":[{"embeddable":true,"href":"https:\/\/www.caririemacao.com\/1\/wp-json\/wp\/v2\/comments?post=60815"}],"version-history":[{"count":3,"href":"https:\/\/www.caririemacao.com\/1\/wp-json\/wp\/v2\/posts\/60815\/revisions"}],"predecessor-version":[{"id":60818,"href":"https:\/\/www.caririemacao.com\/1\/wp-json\/wp\/v2\/posts\/60815\/revisions\/60818"}],"wp:featuredmedia":[{"embeddable":true,"href":"https:\/\/www.caririemacao.com\/1\/wp-json\/wp\/v2\/media\/2869"}],"wp:attachment":[{"href":"https:\/\/www.caririemacao.com\/1\/wp-json\/wp\/v2\/media?parent=60815"}],"wp:term":[{"taxonomy":"category","embeddable":true,"href":"https:\/\/www.caririemacao.com\/1\/wp-json\/wp\/v2\/categories?post=60815"},{"taxonomy":"post_tag","embeddable":true,"href":"https:\/\/www.caririemacao.com\/1\/wp-json\/wp\/v2\/tags?post=60815"}],"curies":[{"name":"wp","href":"https:\/\/api.w.org\/{rel}","templated":true}]}}