{"id":60819,"date":"2018-08-10T11:03:30","date_gmt":"2018-08-10T14:03:30","guid":{"rendered":"http:\/\/caririemacao.com\/1\/?p=60819"},"modified":"2018-08-10T11:03:30","modified_gmt":"2018-08-10T14:03:30","slug":"mppb-denuncia-prefeito-e-mais-sete-pessoas-por-desvio-de-recursos-publicos","status":"publish","type":"post","link":"https:\/\/www.caririemacao.com\/1\/2018\/08\/10\/mppb-denuncia-prefeito-e-mais-sete-pessoas-por-desvio-de-recursos-publicos\/","title":{"rendered":"MPPB denuncia prefeito e mais sete pessoas por desvio de recursos p\u00fablicos"},"content":{"rendered":"<p>A comiss\u00e3o de Combate aos Crimes de Responsabilidade e \u00e0 Improbidade Administrativa do Minist\u00e9rio P\u00fablico da Para\u00edba (Ccrimp\/MPPB) ofereceu den\u00fancia contra o prefeito de Tapero\u00e1, Jurandi Gouveia Farias, e contra mais sete pessoas. Elas s\u00e3o acusadas de fraudar o car\u00e1ter competitivo de processo licitat\u00f3rio para viabilizar o desvio de recursos p\u00fablicos.<\/p>\n<p>O processo (n\u00famero 0001047-88.2018.815.0000) foi distribu\u00eddo ao Tribunal de Justi\u00e7a e est\u00e1 sob a relatoria do desembargador Marcos William.<\/p>\n<div id=\"attachment_485679\" class=\"wp-caption aligncenter\"><img decoding=\"async\" class=\"wp-image-485679 size-full lazyload\" data-src=\"https:\/\/paraibaonline.com.br\/wp-content\/uploads\/2018\/08\/jurandi-gouveia1008.jpg\" data-srcset=\"https:\/\/paraibaonline.com.br\/wp-content\/uploads\/2018\/08\/jurandi-gouveia1008.jpg 600w, https:\/\/paraibaonline.com.br\/wp-content\/uploads\/2018\/08\/jurandi-gouveia1008-556x417.jpg 556w\" alt=\"Foto: Reprodu\u00e7\u00e3o\/ Internet\" src=\"data:image\/svg+xml;base64,PHN2ZyB3aWR0aD0iMSIgaGVpZ2h0PSIxIiB4bWxucz0iaHR0cDovL3d3dy53My5vcmcvMjAwMC9zdmciPjwvc3ZnPg==\" \/><\/p>\n<p class=\"wp-caption-text\">Foto: Reprodu\u00e7\u00e3o\/ Internet<\/p>\n<\/div>\n<p>Conforme constatou o MPPB, em maio de 2013, o prefeito firmou contrato no valor de R$ 75,6 mil com a empresa Silva Loca\u00e7\u00f5es de Ve\u00edculos Ltda-ME, que foi criada de \u201cfachada\u201d h\u00e1 dois meses da publica\u00e7\u00e3o da carta-convite (modalidade da licita\u00e7\u00e3o), para locar um ve\u00edculo pick-up da marca Toyota Hilux, que seria destinado a atendimentos do gabinete do pr\u00f3prio gestor.<\/p>\n<p>De acordo com as investiga\u00e7\u00f5es, ficou constatado ainda que o ve\u00edculo de luxo locado ao munic\u00edpio estava no nome do funcion\u00e1rio de uma empresa do pr\u00f3prio prefeito, o motorista Jocel Farias de Queiroz, cuja remunera\u00e7\u00e3o mensal era de um sal\u00e1rio m\u00ednimo e meio.<\/p>\n<p>Dois dos denunciados s\u00e3o ex-s\u00f3cios da empresa criada de fachada, Welligton Farias Ribeiro e Evandro Queiroz da Silva, e outros quatro s\u00e3o servidores p\u00fablicos que integram a Comiss\u00e3o Permanente de Licita\u00e7\u00e3o do Munic\u00edpio de Tapero\u00e1: Maria L\u00facia de Farias, Leonardo Vilar Bezerra, Elton Bezerra da Silva e Herick Fabr\u00edcio Lima Trajano.<\/p>\n<p>A Ccrimp constatou v\u00e1rios ind\u00edcios de que a empresa vencedora da licita\u00e7\u00e3o \u00e9 de fachada. Al\u00e9m de ter sido criada 60 dias antes da divulga\u00e7\u00e3o da carta-convite, ela nunca funcionou no endere\u00e7o constante em seu registro. Durante sua atividade, firmou apenas contrato com dois munic\u00edpios (um deles o de Tapero\u00e1); n\u00e3o realizou declara\u00e7\u00e3o ao sistema do Minist\u00e9rio do Trabalho e Emprego e n\u00e3o possu\u00eda nenhum ve\u00edculo registrado no banco de dados da Receita Federal.<\/p>\n<p>\u201cIsso significa, por claro, que a empresa n\u00e3o possu\u00eda a m\u00ednima qualifica\u00e7\u00e3o econ\u00f4mico-financeira exigida pelo artigo 31 de Lei Federal 8666\/93, o que foi totalmente desconsiderado pelos membros da Comiss\u00e3o Permanente de Licita\u00e7\u00e3o, bem como pelo gestor contratante\u2026 Infere-se dos atos apurados que a contrata\u00e7\u00e3o da empresa n\u00e3o passou de mera manobra fraudulenta para viabilizar a loca\u00e7\u00e3o indireta de ve\u00edculo de luxo, estranhamente em nome de empregado particular assalariado do prefeito denunciado, ao Munic\u00edpio de Tapero\u00e1\u201d, diz a den\u00fancia.<\/p>\n<p>Na den\u00fancia, o Minist\u00e9rio P\u00fablico estadual tamb\u00e9m pugnou pela fixa\u00e7\u00e3o na senten\u00e7a de indeniza\u00e7\u00e3o em favor do er\u00e1rio do munic\u00edpio de Tapero\u00e1 correspondente aos valores pagos a t\u00edtulo de despesas com o ve\u00edculo locado.<\/p>\n<p>&nbsp;<\/p>\n<p><strong>Para\u00edba Online\/Foto: Reprodu\u00e7\u00e3o\u00a0<\/strong><\/p>\n<p>Cariri Em A\u00e7\u00e3o<\/p>\n<p>Leia mais not\u00edcias em\u00a0<a href=\"http:\/\/www.caririemacao.com\/\">caririemacao.com<\/a>, siga nossa p\u00e1gina no\u00a0<a href=\"https:\/\/www.facebook.com\/CaririEmAcao\/?ref=aymt_homepage_panel\">Facebook<\/a>,\u00a0<a href=\"https:\/\/www.instagram.com\/cariri_em_acao\/?hl=pt-br\">Instagram<\/a>\u00a0e\u00a0<a href=\"https:\/\/www.youtube.com\/channel\/UCAptA0jQuYQy8vMhLt2m4qg\">Youtube<\/a>\u00a0e veja nossas mat\u00e9rias, v\u00eddeos e fotos. Voc\u00ea tamb\u00e9m pode enviar informa\u00e7\u00f5es \u00e0 Reda\u00e7\u00e3o do Portal Cariri em A\u00e7\u00e3o pelo WhatsApp (83) 9 9634.5791, (83) 9 9601-1162.<\/p>\n","protected":false},"excerpt":{"rendered":"<p>A comiss\u00e3o de Combate aos Crimes de Responsabilidade e \u00e0 Improbidade Administrativa do Minist\u00e9rio P\u00fablico da Para\u00edba (Ccrimp\/MPPB) ofereceu den\u00fancia contra o prefeito de Tapero\u00e1,&hellip; <\/p>\n","protected":false},"author":1,"featured_media":60820,"comment_status":"closed","ping_status":"closed","sticky":false,"template":"","format":"standard","meta":{"sfsi_plus_gutenberg_text_before_share":"","sfsi_plus_gutenberg_show_text_before_share":"","sfsi_plus_gutenberg_icon_type":"","sfsi_plus_gutenberg_icon_alignemt":"","sfsi_plus_gutenburg_max_per_row":"","footnotes":""},"categories":[11],"tags":[],"class_list":["post-60819","post","type-post","status-publish","format-standard","has-post-thumbnail","hentry","category-politica"],"_links":{"self":[{"href":"https:\/\/www.caririemacao.com\/1\/wp-json\/wp\/v2\/posts\/60819","targetHints":{"allow":["GET"]}}],"collection":[{"href":"https:\/\/www.caririemacao.com\/1\/wp-json\/wp\/v2\/posts"}],"about":[{"href":"https:\/\/www.caririemacao.com\/1\/wp-json\/wp\/v2\/types\/post"}],"author":[{"embeddable":true,"href":"https:\/\/www.caririemacao.com\/1\/wp-json\/wp\/v2\/users\/1"}],"replies":[{"embeddable":true,"href":"https:\/\/www.caririemacao.com\/1\/wp-json\/wp\/v2\/comments?post=60819"}],"version-history":[{"count":1,"href":"https:\/\/www.caririemacao.com\/1\/wp-json\/wp\/v2\/posts\/60819\/revisions"}],"predecessor-version":[{"id":60821,"href":"https:\/\/www.caririemacao.com\/1\/wp-json\/wp\/v2\/posts\/60819\/revisions\/60821"}],"wp:featuredmedia":[{"embeddable":true,"href":"https:\/\/www.caririemacao.com\/1\/wp-json\/wp\/v2\/media\/60820"}],"wp:attachment":[{"href":"https:\/\/www.caririemacao.com\/1\/wp-json\/wp\/v2\/media?parent=60819"}],"wp:term":[{"taxonomy":"category","embeddable":true,"href":"https:\/\/www.caririemacao.com\/1\/wp-json\/wp\/v2\/categories?post=60819"},{"taxonomy":"post_tag","embeddable":true,"href":"https:\/\/www.caririemacao.com\/1\/wp-json\/wp\/v2\/tags?post=60819"}],"curies":[{"name":"wp","href":"https:\/\/api.w.org\/{rel}","templated":true}]}}