{"id":60825,"date":"2018-08-10T12:08:22","date_gmt":"2018-08-10T15:08:22","guid":{"rendered":"http:\/\/caririemacao.com\/1\/?p=60825"},"modified":"2018-08-10T12:08:22","modified_gmt":"2018-08-10T15:08:22","slug":"dupla-armada-assalta-jovens-e-leva-aparelhos-celulares-na-cidade-de-monteiro","status":"publish","type":"post","link":"https:\/\/www.caririemacao.com\/1\/2018\/08\/10\/dupla-armada-assalta-jovens-e-leva-aparelhos-celulares-na-cidade-de-monteiro\/","title":{"rendered":"Dupla armada assalta jovens e leva aparelhos celulares na cidade de Monteiro"},"content":{"rendered":"<p>Duas pessoas foram assaltadas na noite desta quinta-feira, 09, enquanto caminhavam pr\u00f3ximo ao Col\u00e9gio Jo\u00e3o de Oliveira Chaves, na cidade de Monteiro, no Cariri paraibano.<\/p>\n<p>Conforme informa\u00e7\u00f5es, as v\u00edtimas seguiam a p\u00e9, quando foram surpreendidas por dois suspeitos em uma motocicleta, que anunciaram o assalto com arma em punho.<\/p>\n<p>A dupla subtraiu dos jovens aparelhos celulares, e ap\u00f3s a a\u00e7\u00e3o, fugiram com destino ignorado.<\/p>\n<p>O caso foi registrado na 14\u00b0 DSPC de Monteiro. At\u00e9 o momento, nenhum suspeito foi preso.<\/p>\n<p>&nbsp;<\/p>\n<p><strong>Vitrine do Cariri\/Foto: Reprodu\u00e7\u00e3o\u00a0<\/strong><\/p>\n<p>Cariri Em A\u00e7\u00e3o<\/p>\n<p>Leia mais not\u00edcias em\u00a0<a href=\"http:\/\/www.caririemacao.com\/\">caririemacao.com<\/a>, siga nossa p\u00e1gina no\u00a0<a href=\"https:\/\/www.facebook.com\/CaririEmAcao\/?ref=aymt_homepage_panel\">Facebook<\/a>,\u00a0<a href=\"https:\/\/www.instagram.com\/cariri_em_acao\/?hl=pt-br\">Instagram<\/a>\u00a0e\u00a0<a href=\"https:\/\/www.youtube.com\/channel\/UCAptA0jQuYQy8vMhLt2m4qg\">Youtube<\/a>\u00a0e veja nossas mat\u00e9rias, v\u00eddeos e fotos. Voc\u00ea tamb\u00e9m pode enviar informa\u00e7\u00f5es \u00e0 Reda\u00e7\u00e3o do Portal Cariri em A\u00e7\u00e3o pelo WhatsApp (83) 9 9634.5791, (83) 9 9601-1162.<\/p>\n","protected":false},"excerpt":{"rendered":"<p>Duas pessoas foram assaltadas na noite desta quinta-feira, 09, enquanto caminhavam pr\u00f3ximo ao Col\u00e9gio Jo\u00e3o de Oliveira Chaves, na cidade de Monteiro, no Cariri paraibano.&hellip; <\/p>\n","protected":false},"author":1,"featured_media":42005,"comment_status":"closed","ping_status":"closed","sticky":false,"template":"","format":"standard","meta":{"sfsi_plus_gutenberg_text_before_share":"","sfsi_plus_gutenberg_show_text_before_share":"","sfsi_plus_gutenberg_icon_type":"","sfsi_plus_gutenberg_icon_alignemt":"","sfsi_plus_gutenburg_max_per_row":"","footnotes":""},"categories":[12],"tags":[],"class_list":["post-60825","post","type-post","status-publish","format-standard","has-post-thumbnail","hentry","category-policia"],"_links":{"self":[{"href":"https:\/\/www.caririemacao.com\/1\/wp-json\/wp\/v2\/posts\/60825","targetHints":{"allow":["GET"]}}],"collection":[{"href":"https:\/\/www.caririemacao.com\/1\/wp-json\/wp\/v2\/posts"}],"about":[{"href":"https:\/\/www.caririemacao.com\/1\/wp-json\/wp\/v2\/types\/post"}],"author":[{"embeddable":true,"href":"https:\/\/www.caririemacao.com\/1\/wp-json\/wp\/v2\/users\/1"}],"replies":[{"embeddable":true,"href":"https:\/\/www.caririemacao.com\/1\/wp-json\/wp\/v2\/comments?post=60825"}],"version-history":[{"count":1,"href":"https:\/\/www.caririemacao.com\/1\/wp-json\/wp\/v2\/posts\/60825\/revisions"}],"predecessor-version":[{"id":60826,"href":"https:\/\/www.caririemacao.com\/1\/wp-json\/wp\/v2\/posts\/60825\/revisions\/60826"}],"wp:featuredmedia":[{"embeddable":true,"href":"https:\/\/www.caririemacao.com\/1\/wp-json\/wp\/v2\/media\/42005"}],"wp:attachment":[{"href":"https:\/\/www.caririemacao.com\/1\/wp-json\/wp\/v2\/media?parent=60825"}],"wp:term":[{"taxonomy":"category","embeddable":true,"href":"https:\/\/www.caririemacao.com\/1\/wp-json\/wp\/v2\/categories?post=60825"},{"taxonomy":"post_tag","embeddable":true,"href":"https:\/\/www.caririemacao.com\/1\/wp-json\/wp\/v2\/tags?post=60825"}],"curies":[{"name":"wp","href":"https:\/\/api.w.org\/{rel}","templated":true}]}}