{"id":60827,"date":"2018-08-10T12:14:05","date_gmt":"2018-08-10T15:14:05","guid":{"rendered":"http:\/\/caririemacao.com\/1\/?p=60827"},"modified":"2018-08-10T12:14:05","modified_gmt":"2018-08-10T15:14:05","slug":"seguindo-o-stf-mpf-aprova-reajuste-em-salario-de-procuradores","status":"publish","type":"post","link":"https:\/\/www.caririemacao.com\/1\/2018\/08\/10\/seguindo-o-stf-mpf-aprova-reajuste-em-salario-de-procuradores\/","title":{"rendered":"Seguindo o STF, MPF aprova reajuste em sal\u00e1rio de procuradores"},"content":{"rendered":"<p>O Superior do Minist\u00e9rio P\u00fablico Federal (CSMPF) aprovou\u00a0<span id=\"OBJ_PREFIX_DWT111_com_zimbra_date\" role=\"link\">hoje\u00a0<\/span>(10), por unanimidade, o or\u00e7amento do MPF para o ano de 2019, incluindo reajuste de 16,38% para todos os procuradores da Rep\u00fablica, a exemplo do que fizeram os ministros do Supremo Tribunal Federal (STF) nesta semana em rela\u00e7\u00e3o a seus pr\u00f3prios vencimentos.<\/p>\n<p>O valor total do or\u00e7amento do MPF para o ano que vem \u00e9 de R$ 4,067 bilh\u00f5es, quantia que engloba os R$ 101 milh\u00f5es a mais que dever\u00e3o ser gastos com os sal\u00e1rios dos procuradores da Rep\u00fablica.<\/p>\n<p>Caso o reajuste seja confirmado pelo Congresso Nacional, o sal\u00e1rio de um procurador da Rep\u00fablica pode passar de R$ 33 mil.<\/p>\n<div id=\"attachment_485726\" class=\"wp-caption aligncenter\"><img decoding=\"async\" class=\"wp-image-485726 size-full lazyload\" data-src=\"https:\/\/paraibaonline.com.br\/wp-content\/uploads\/2018\/08\/mario-bonsaglia1008.jpg\" data-srcset=\"https:\/\/paraibaonline.com.br\/wp-content\/uploads\/2018\/08\/mario-bonsaglia1008.jpg 800w, https:\/\/paraibaonline.com.br\/wp-content\/uploads\/2018\/08\/mario-bonsaglia1008-567x378.jpg 567w\" alt=\"Foto: Ascom\" src=\"data:image\/svg+xml;base64,PHN2ZyB3aWR0aD0iMSIgaGVpZ2h0PSIxIiB4bWxucz0iaHR0cDovL3d3dy53My5vcmcvMjAwMC9zdmciPjwvc3ZnPg==\" \/><\/p>\n<p class=\"wp-caption-text\">Foto: Ascom<\/p>\n<\/div>\n<p>Ao justificar a aprova\u00e7\u00e3o, os membros do Conselho Superior do Minist\u00e9rio P\u00fablico alegaram que a Constitui\u00e7\u00e3o prev\u00ea a paridade entre magistrados e membros do MP, que assim t\u00eam direito a reajuste com o mesmo percentual dos magistrados. \u201c\u00c9 um verdadeiro imperativo\u201d, afirmou o subprocurador-geral da Rep\u00fablica Mario Bonsaglia (foto).<\/p>\n<p>Para absorver o reajuste, o \u00f3rg\u00e3o foi obrigado a remanejar 2,8% de seus gastos gerais para os gastos de pessoal. Com isso, 80,2% de todo o or\u00e7amento do MPF passam a ser gastos com sal\u00e1rios.<\/p>\n<p>\u201cN\u00e3o \u00e9 uma coisa que acontece agora, temos j\u00e1 um comprometimento com despesa de pessoal que \u00e9 historicamente superior a 80%\u201d, destacou o secret\u00e1rio-geral do MPU, Alexandre Camanho. \u201cN\u00e3o \u00e9 uma apari\u00e7\u00e3o abrupta\u201d, justificou.<\/p>\n<p>Segundo a procuradora-geral da Rep\u00fablica, Raquel Dodge, o MPF tem feito esfor\u00e7os para reduzir gastos, com o uso de ferramentas eletr\u00f4nicas e audi\u00eancias por videoconfer\u00eancias, que permitem a realoca\u00e7\u00e3o de recursos. \u201cO impacto no or\u00e7amento da Uni\u00e3o ser\u00e1 zero\u201d, afirmou.<\/p>\n<p>O presidente da Associa\u00e7\u00e3o Nacional dos Procuradores da Rep\u00fablica, Jos\u00e9 Robalinho, elogiou a aprova\u00e7\u00e3o do reajuste dos subs\u00eddios. Ele disse que os remanejamentos feitos no or\u00e7amento far\u00e3o com que o aumento de sal\u00e1rio n\u00e3o onere o contribuinte. \u201cN\u00e3o se est\u00e1 buscando nenhum centavo do Executivo\u201d, disse.<\/p>\n<p>\u00c0 tarde, deve ser aprovada a proposta or\u00e7ament\u00e1ria para todo o Minist\u00e9rio P\u00fablico da Uni\u00e3o (MPU), que, al\u00e9m do MPF engloba ainda o Minist\u00e9rio P\u00fablico do Trabalho (MPT), o Minist\u00e9rio P\u00fablico Militar (MPM) e o Minist\u00e9rio P\u00fablico do Distrito Federal e Territ\u00f3rios (MPDFT).<\/p>\n<p>No caso do MPU, o valor total da previs\u00e3o or\u00e7ament\u00e1ria \u00e9 de R$ 6,244 bilh\u00f5es, quantia que \u00e9 4,39% maior do que a do ano passado. O aumento equivale \u00e0 infla\u00e7\u00e3o projetada para este ano, limite imposto pela Emenda Constitucional do Teto de Gastos (EM 95\/2016). A proposta ser\u00e1 votada no Conselho de Assessoramento Superior do MPU.<\/p>\n<p>Levando-se em considera\u00e7\u00e3o todo o MPU, o impacto previsto do aumento de 16,38% nos subs\u00eddios de procuradores e promotores \u00e9 de R$ 223,7 milh\u00f5es.<\/p>\n<p>Ainda no fim do dia, deve ser apresentada a proposta or\u00e7ament\u00e1ria dos MP\u2019s estaduais, a ser votada no Conselho Superior do Minist\u00e9rio P\u00fablico.<\/p>\n<p>Todos os or\u00e7amentos ser\u00e3o encaminhados ao Minist\u00e9rio do Planejamento, que os incorpora \u00e0 proposta que ser\u00e1 enviada para vota\u00e7\u00e3o no Congresso.<\/p>\n<p>&nbsp;<\/p>\n<p><strong>Para\u00edba Online\/Foto: Reprodu\u00e7\u00e3o<\/strong><\/p>\n<p>Cariri Em A\u00e7\u00e3o<\/p>\n<p>Leia mais not\u00edcias em\u00a0<a href=\"http:\/\/www.caririemacao.com\/\">caririemacao.com<\/a>, siga nossa p\u00e1gina no\u00a0<a href=\"https:\/\/www.facebook.com\/CaririEmAcao\/?ref=aymt_homepage_panel\">Facebook<\/a>,\u00a0<a href=\"https:\/\/www.instagram.com\/cariri_em_acao\/?hl=pt-br\">Instagram<\/a>\u00a0e\u00a0<a href=\"https:\/\/www.youtube.com\/channel\/UCAptA0jQuYQy8vMhLt2m4qg\">Youtube<\/a>\u00a0e veja nossas mat\u00e9rias, v\u00eddeos e fotos. Voc\u00ea tamb\u00e9m pode enviar informa\u00e7\u00f5es \u00e0 Reda\u00e7\u00e3o do Portal Cariri em A\u00e7\u00e3o pelo WhatsApp (83) 9 9634.5791, (83) 9 9601-1162.<\/p>\n","protected":false},"excerpt":{"rendered":"<p>O Superior do Minist\u00e9rio P\u00fablico Federal (CSMPF) aprovou\u00a0hoje\u00a0(10), por unanimidade, o or\u00e7amento do MPF para o ano de 2019, incluindo reajuste de 16,38% para todos&hellip; <\/p>\n","protected":false},"author":1,"featured_media":36769,"comment_status":"closed","ping_status":"closed","sticky":false,"template":"","format":"standard","meta":{"sfsi_plus_gutenberg_text_before_share":"","sfsi_plus_gutenberg_show_text_before_share":"","sfsi_plus_gutenberg_icon_type":"","sfsi_plus_gutenberg_icon_alignemt":"","sfsi_plus_gutenburg_max_per_row":"","footnotes":""},"categories":[11],"tags":[],"class_list":["post-60827","post","type-post","status-publish","format-standard","has-post-thumbnail","hentry","category-politica"],"_links":{"self":[{"href":"https:\/\/www.caririemacao.com\/1\/wp-json\/wp\/v2\/posts\/60827","targetHints":{"allow":["GET"]}}],"collection":[{"href":"https:\/\/www.caririemacao.com\/1\/wp-json\/wp\/v2\/posts"}],"about":[{"href":"https:\/\/www.caririemacao.com\/1\/wp-json\/wp\/v2\/types\/post"}],"author":[{"embeddable":true,"href":"https:\/\/www.caririemacao.com\/1\/wp-json\/wp\/v2\/users\/1"}],"replies":[{"embeddable":true,"href":"https:\/\/www.caririemacao.com\/1\/wp-json\/wp\/v2\/comments?post=60827"}],"version-history":[{"count":1,"href":"https:\/\/www.caririemacao.com\/1\/wp-json\/wp\/v2\/posts\/60827\/revisions"}],"predecessor-version":[{"id":60828,"href":"https:\/\/www.caririemacao.com\/1\/wp-json\/wp\/v2\/posts\/60827\/revisions\/60828"}],"wp:featuredmedia":[{"embeddable":true,"href":"https:\/\/www.caririemacao.com\/1\/wp-json\/wp\/v2\/media\/36769"}],"wp:attachment":[{"href":"https:\/\/www.caririemacao.com\/1\/wp-json\/wp\/v2\/media?parent=60827"}],"wp:term":[{"taxonomy":"category","embeddable":true,"href":"https:\/\/www.caririemacao.com\/1\/wp-json\/wp\/v2\/categories?post=60827"},{"taxonomy":"post_tag","embeddable":true,"href":"https:\/\/www.caririemacao.com\/1\/wp-json\/wp\/v2\/tags?post=60827"}],"curies":[{"name":"wp","href":"https:\/\/api.w.org\/{rel}","templated":true}]}}