{"id":60831,"date":"2018-08-10T12:44:03","date_gmt":"2018-08-10T15:44:03","guid":{"rendered":"http:\/\/caririemacao.com\/1\/?p=60831"},"modified":"2018-08-10T12:44:03","modified_gmt":"2018-08-10T15:44:03","slug":"justica-confirma-aumento-de-vagas-do-sisu-para-pessoas-com-deficiencia-na-ufcg","status":"publish","type":"post","link":"https:\/\/www.caririemacao.com\/1\/2018\/08\/10\/justica-confirma-aumento-de-vagas-do-sisu-para-pessoas-com-deficiencia-na-ufcg\/","title":{"rendered":"Justi\u00e7a confirma aumento de vagas do Sisu para pessoas com defici\u00eancia na UFCG"},"content":{"rendered":"<p>rio P\u00fablico Federal (MPF) obteve senten\u00e7a parcialmente favor\u00e1vel \u00e0 reabertura do Sistema de Sele\u00e7\u00e3o Unificada (Sisu) para inscri\u00e7\u00e3o dos candidatos pessoas com defici\u00eancia (PCD) \u00e0s vagas extraordin\u00e1rias ofertadas pela Universidade Federal de Campina Grande (UFCG).<\/p>\n<p>A senten\u00e7a de m\u00e9rito, publicada em 7 de agosto de 2018, confirmou decis\u00e3o liminar proferida em 27 de junho deste ano.<\/p>\n<div id=\"attachment_485742\" class=\"wp-caption aligncenter\"><img decoding=\"async\" class=\"wp-image-485742 size-full lazyload\" data-src=\"https:\/\/paraibaonline.com.br\/wp-content\/uploads\/2018\/08\/cadeirante-universidade.jpg\" data-srcset=\"https:\/\/paraibaonline.com.br\/wp-content\/uploads\/2018\/08\/cadeirante-universidade.jpg 800w, https:\/\/paraibaonline.com.br\/wp-content\/uploads\/2018\/08\/cadeirante-universidade-567x373.jpg 567w\" alt=\"\" src=\"data:image\/svg+xml;base64,PHN2ZyB3aWR0aD0iMSIgaGVpZ2h0PSIxIiB4bWxucz0iaHR0cDovL3d3dy53My5vcmcvMjAwMC9zdmciPjwvc3ZnPg==\" \/><\/p>\n<p class=\"wp-caption-text\">Foto ilustrativa: Reprodu\u00e7\u00e3o\/ Internet<\/p>\n<\/div>\n<p>Na senten\u00e7a, a Justi\u00e7a Federal reconhece a necessidade de reserva de 13,85% do total de vagas oferecidas pela UFCG para pessoas com defici\u00eancia, percentual que equivale a 27,77% das vagas reservadas.<\/p>\n<p>A senten\u00e7a mant\u00e9m o prazo de 15 dias, j\u00e1 fixado na decis\u00e3o liminar, para publica\u00e7\u00e3o do novo edital seletivo e para a reabertura do Sisu. Tamb\u00e9m mant\u00e9m o prazo de 30 dias para a conclus\u00e3o do processo seletivo extraordin\u00e1rio, igualmente j\u00e1 fixado na decis\u00e3o liminar.<\/p>\n<p>A Justi\u00e7a manteve ainda a multa de R$ 500 mil para o caso de descumprimento das determina\u00e7\u00f5es e prazos fixados, sem preju\u00edzo da majora\u00e7\u00e3o do caso de persistir o descumprimento. At\u00e9 a data da senten\u00e7a de m\u00e9rito, ainda n\u00e3o havia no processo comprova\u00e7\u00e3o do cumprimento da liminar pela UFCG e Uni\u00e3o, sendo que o prazo anterior de 15 dias findou em 30 de julho de 2018.<\/p>\n<p>J\u00e1 o prazo de 30 dias, fixado na liminar para a conclus\u00e3o do processo seletivo, se encerra em 20 de agosto de 2018. Caso n\u00e3o seja novamente cumprido, a senten\u00e7a determina que a multa seja majorada e prev\u00ea a ado\u00e7\u00e3o de outras medidas executivas indiretas, tendo em vista a imin\u00eancia do in\u00edcio do semestre letivo 2018.2.<\/p>\n<p>Conforme a senten\u00e7a, a UFCG deve publicar novo edital seletivo exclusivamente para candidatos PCD, devendo ofertar tantas vagas quanto necess\u00e1rias para que o quantitativo de vagas oferecidas aos referidos candidatos, j\u00e1 consideradas as vagas ofertadas inicialmente, seja igual ao percentual de 13,85%.<\/p>\n<p>A senten\u00e7a tamb\u00e9m determina \u00e0 Uni\u00e3o que reabra o sistema eletr\u00f4nico de oferecimento de vagas\u00a0para permitir a inscri\u00e7\u00e3o dos candidatos pessoas com defici\u00eancia \u00e0s vagas extraordin\u00e1rias a serem ofertadas pela UFCG. Ainda assegura a manuten\u00e7\u00e3o das vagas oferecidas aos candidatos aprovados no certame original e determina que a Universidade absorva os candidatos aprovados de forma extraordin\u00e1ria como excedente discente.<\/p>\n<p>&nbsp;<\/p>\n<p><strong>Para\u00edba Online\/Foto:Reprodu\u00e7\u00e3o\u00a0<\/strong><\/p>\n<p>Cariri Em A\u00e7\u00e3o<\/p>\n<p>Leia mais not\u00edcias em\u00a0<a href=\"http:\/\/www.caririemacao.com\/\">caririemacao.com<\/a>, siga nossa p\u00e1gina no\u00a0<a href=\"https:\/\/www.facebook.com\/CaririEmAcao\/?ref=aymt_homepage_panel\">Facebook<\/a>,\u00a0<a href=\"https:\/\/www.instagram.com\/cariri_em_acao\/?hl=pt-br\">Instagram<\/a>\u00a0e\u00a0<a href=\"https:\/\/www.youtube.com\/channel\/UCAptA0jQuYQy8vMhLt2m4qg\">Youtube<\/a>\u00a0e veja nossas mat\u00e9rias, v\u00eddeos e fotos. Voc\u00ea tamb\u00e9m pode enviar informa\u00e7\u00f5es \u00e0 Reda\u00e7\u00e3o do Portal Cariri em A\u00e7\u00e3o pelo WhatsApp (83) 9 9634.5791, (83) 9 9601-1162.<\/p>\n","protected":false},"excerpt":{"rendered":"<p>rio P\u00fablico Federal (MPF) obteve senten\u00e7a parcialmente favor\u00e1vel \u00e0 reabertura do Sistema de Sele\u00e7\u00e3o Unificada (Sisu) para inscri\u00e7\u00e3o dos candidatos pessoas com defici\u00eancia (PCD) \u00e0s&hellip; <\/p>\n","protected":false},"author":1,"featured_media":3073,"comment_status":"closed","ping_status":"closed","sticky":false,"template":"","format":"standard","meta":{"sfsi_plus_gutenberg_text_before_share":"","sfsi_plus_gutenberg_show_text_before_share":"","sfsi_plus_gutenberg_icon_type":"","sfsi_plus_gutenberg_icon_alignemt":"","sfsi_plus_gutenburg_max_per_row":"","footnotes":""},"categories":[14],"tags":[],"class_list":["post-60831","post","type-post","status-publish","format-standard","has-post-thumbnail","hentry","category-educacao"],"_links":{"self":[{"href":"https:\/\/www.caririemacao.com\/1\/wp-json\/wp\/v2\/posts\/60831","targetHints":{"allow":["GET"]}}],"collection":[{"href":"https:\/\/www.caririemacao.com\/1\/wp-json\/wp\/v2\/posts"}],"about":[{"href":"https:\/\/www.caririemacao.com\/1\/wp-json\/wp\/v2\/types\/post"}],"author":[{"embeddable":true,"href":"https:\/\/www.caririemacao.com\/1\/wp-json\/wp\/v2\/users\/1"}],"replies":[{"embeddable":true,"href":"https:\/\/www.caririemacao.com\/1\/wp-json\/wp\/v2\/comments?post=60831"}],"version-history":[{"count":1,"href":"https:\/\/www.caririemacao.com\/1\/wp-json\/wp\/v2\/posts\/60831\/revisions"}],"predecessor-version":[{"id":60832,"href":"https:\/\/www.caririemacao.com\/1\/wp-json\/wp\/v2\/posts\/60831\/revisions\/60832"}],"wp:featuredmedia":[{"embeddable":true,"href":"https:\/\/www.caririemacao.com\/1\/wp-json\/wp\/v2\/media\/3073"}],"wp:attachment":[{"href":"https:\/\/www.caririemacao.com\/1\/wp-json\/wp\/v2\/media?parent=60831"}],"wp:term":[{"taxonomy":"category","embeddable":true,"href":"https:\/\/www.caririemacao.com\/1\/wp-json\/wp\/v2\/categories?post=60831"},{"taxonomy":"post_tag","embeddable":true,"href":"https:\/\/www.caririemacao.com\/1\/wp-json\/wp\/v2\/tags?post=60831"}],"curies":[{"name":"wp","href":"https:\/\/api.w.org\/{rel}","templated":true}]}}