{"id":60833,"date":"2018-08-10T12:50:49","date_gmt":"2018-08-10T15:50:49","guid":{"rendered":"http:\/\/caririemacao.com\/1\/?p=60833"},"modified":"2018-08-10T12:50:49","modified_gmt":"2018-08-10T15:50:49","slug":"programa-agua-doce-realiza-oficinas-nas-comunidades-de-passagem-curralinho-e-frades-em-caraubas","status":"publish","type":"post","link":"https:\/\/www.caririemacao.com\/1\/2018\/08\/10\/programa-agua-doce-realiza-oficinas-nas-comunidades-de-passagem-curralinho-e-frades-em-caraubas\/","title":{"rendered":"PROGRAMA \u00c1GUA DOCE REALIZA OFICINAS NAS COMUNIDADES DE PASSAGEM, CURRALINHO E FRADES, EM CARA\u00daBAS"},"content":{"rendered":"<div id=\"conteudo\" class=\"page\">\n<div class=\"top-container\">\n<div class=\"container\">\n<div class=\"swipe\">\n<div class=\"swipe-menu\">\n<div class=\"row\">\n<div class=\"col-xs-12\">\n<p>&nbsp;<\/p>\n<\/div>\n<\/div>\n<\/div>\n<\/div>\n<\/div>\n<\/div>\n<\/div>\n<div class=\"main-container col2-left-layout\">\n<div class=\"container\">\n<div class=\"row\">\n<div class=\"col-xs-12\">\n<div class=\"main\">\n<div class=\"row\">\n<div class=\"col-main col-xs-12 col-sm-9\">\n<div class=\"padding-s\">\n<div class=\"std\">\n<p><img decoding=\"async\" data-src=\"http:\/\/www.caraubas.pb.gov.br\/imagens\/noticias\/MLM907JN3ZWBMQ4GBLHP.jpg\" src=\"data:image\/svg+xml;base64,PHN2ZyB3aWR0aD0iMSIgaGVpZ2h0PSIxIiB4bWxucz0iaHR0cDovL3d3dy53My5vcmcvMjAwMC9zdmciPjwvc3ZnPg==\" class=\"lazyload\" \/><\/p>\n<div>\n<div>A Prefeitura Municipal de Cara\u00fabas e a coordena\u00e7\u00e3o do Programa \u00c1gua Doce do governo do Estado da Para\u00edba, realizaram nos dias 7 e 8 de Agosto, Oficinas de Sustentabilidade nas comunidades j\u00e1 beneficiadas e em funcionamento dos sistemas do mencionado Programa.<\/div>\n<div>De acordo com a t\u00e9cnico Paulo, do \u00c1gua Doce, os sistemas j\u00e1 est\u00e3o prontos e em funcionamento, sendo neste instante o momento de apresentarmos os benef\u00edcios que a \u00e1gua tratada ir\u00e1 proporcionar aos benefici\u00e1rios do sistema e toda comunidade benefici\u00e1ria.<\/div>\n<div>Nossa inten\u00e7\u00e3o \u00e9 mostrar nessas comunidades que a partir de agora elas disp\u00f5e de \u00e1gua de boa qualidade seguindo as orienta\u00e7\u00f5es dos \u00f3rg\u00e3os de controle da sa\u00fade, e poder\u00e3o ter mais qualidade de vida, pois, o tratamento dessa \u00e1gua e o seu consumo s\u00e3o garantidos pelos testes realizados em laborat\u00f3rios. Nestas oficinas mostramos como se deve armazenar e transportar a \u00e1gua, promovendo igualdade, qualidade e desenvolvimento sustent\u00e1vel, afirmou ele.<\/div>\n<div>O secret\u00e1rio da agricultura, Rone Feitoza, esteve acompanhando junto como o Secret\u00e1rio do Planejamento, jornalista Eduardo Belo, o trabalho desenvolvido nas comunidades de Passagem, Curralinho e Frades e disse que este \u00e9 um sonho que se tornou realidade em nossa regi\u00e3o que ainda sofre com a escassez de \u00e1gua de qualidade para o consumo humano e sedenta\u00e7\u00e3o animal, afirmou o secret\u00e1rio.<\/div>\n<div>Acredito que muitas fam\u00edlias est\u00e3o satisfeitas com a implanta\u00e7\u00e3o desses sistemas que tem garantido a infraestrutura h\u00eddrica de qualidade, se n\u00e3o ainda para todos, mas para parte da popula\u00e7\u00e3o dessas comunidades rurais. O PAD \u00e9 de fundamental import\u00e2ncia para o semi\u00e1rido, uma vez que vem tornando vi\u00e1vel a perman\u00eancia de milhares de fam\u00edlias no campo, por transformar \u00e1gua salgada e impr\u00f3pria para o consumo humano em \u00e1gua doce, de qualidade e pronta para ser consumida por qualquer pessoa, disse ele.<\/div>\n<\/div>\n<div><\/div>\n<div><strong>Ascom\/Foto: Reprodu\u00e7\u00e3o\u00a0<\/strong><\/div>\n<div>\n<p>Cariri Em A\u00e7\u00e3o<\/p>\n<p>Leia mais not\u00edcias em\u00a0<a href=\"http:\/\/www.caririemacao.com\/\">caririemacao.com<\/a>, siga nossa p\u00e1gina no\u00a0<a href=\"https:\/\/www.facebook.com\/CaririEmAcao\/?ref=aymt_homepage_panel\">Facebook<\/a>,\u00a0<a href=\"https:\/\/www.instagram.com\/cariri_em_acao\/?hl=pt-br\">Instagram<\/a>\u00a0e\u00a0<a href=\"https:\/\/www.youtube.com\/channel\/UCAptA0jQuYQy8vMhLt2m4qg\">Youtube<\/a>\u00a0e veja nossas mat\u00e9rias, v\u00eddeos e fotos. Voc\u00ea tamb\u00e9m pode enviar informa\u00e7\u00f5es \u00e0 Reda\u00e7\u00e3o do Portal Cariri em A\u00e7\u00e3o pelo WhatsApp (83) 9 9634.5791, (83) 9 9601-1162.<\/p>\n<\/div>\n<\/div>\n<\/div>\n<\/div>\n<\/div>\n<\/div>\n<\/div>\n<\/div>\n<\/div>\n<\/div>\n","protected":false},"excerpt":{"rendered":"<p>&nbsp; A Prefeitura Municipal de Cara\u00fabas e a coordena\u00e7\u00e3o do Programa \u00c1gua Doce do governo do Estado da Para\u00edba, realizaram nos dias 7 e 8&hellip; <\/p>\n","protected":false},"author":1,"featured_media":60834,"comment_status":"closed","ping_status":"closed","sticky":false,"template":"","format":"standard","meta":{"sfsi_plus_gutenberg_text_before_share":"","sfsi_plus_gutenberg_show_text_before_share":"","sfsi_plus_gutenberg_icon_type":"","sfsi_plus_gutenberg_icon_alignemt":"","sfsi_plus_gutenburg_max_per_row":"","footnotes":""},"categories":[6],"tags":[],"class_list":["post-60833","post","type-post","status-publish","format-standard","has-post-thumbnail","hentry","category-cidades"],"_links":{"self":[{"href":"https:\/\/www.caririemacao.com\/1\/wp-json\/wp\/v2\/posts\/60833","targetHints":{"allow":["GET"]}}],"collection":[{"href":"https:\/\/www.caririemacao.com\/1\/wp-json\/wp\/v2\/posts"}],"about":[{"href":"https:\/\/www.caririemacao.com\/1\/wp-json\/wp\/v2\/types\/post"}],"author":[{"embeddable":true,"href":"https:\/\/www.caririemacao.com\/1\/wp-json\/wp\/v2\/users\/1"}],"replies":[{"embeddable":true,"href":"https:\/\/www.caririemacao.com\/1\/wp-json\/wp\/v2\/comments?post=60833"}],"version-history":[{"count":1,"href":"https:\/\/www.caririemacao.com\/1\/wp-json\/wp\/v2\/posts\/60833\/revisions"}],"predecessor-version":[{"id":60835,"href":"https:\/\/www.caririemacao.com\/1\/wp-json\/wp\/v2\/posts\/60833\/revisions\/60835"}],"wp:featuredmedia":[{"embeddable":true,"href":"https:\/\/www.caririemacao.com\/1\/wp-json\/wp\/v2\/media\/60834"}],"wp:attachment":[{"href":"https:\/\/www.caririemacao.com\/1\/wp-json\/wp\/v2\/media?parent=60833"}],"wp:term":[{"taxonomy":"category","embeddable":true,"href":"https:\/\/www.caririemacao.com\/1\/wp-json\/wp\/v2\/categories?post=60833"},{"taxonomy":"post_tag","embeddable":true,"href":"https:\/\/www.caririemacao.com\/1\/wp-json\/wp\/v2\/tags?post=60833"}],"curies":[{"name":"wp","href":"https:\/\/api.w.org\/{rel}","templated":true}]}}