{"id":60836,"date":"2018-08-10T12:55:12","date_gmt":"2018-08-10T15:55:12","guid":{"rendered":"http:\/\/caririemacao.com\/1\/?p=60836"},"modified":"2018-08-10T12:56:03","modified_gmt":"2018-08-10T15:56:03","slug":"joao-anuncia-que-vai-dobrar-o-valor-do-abono-natalino-do-bolsa-familia","status":"publish","type":"post","link":"https:\/\/www.caririemacao.com\/1\/2018\/08\/10\/joao-anuncia-que-vai-dobrar-o-valor-do-abono-natalino-do-bolsa-familia\/","title":{"rendered":"Jo\u00e3o anuncia que vai dobrar o valor do Abono Natalino do Bolsa Fam\u00edlia"},"content":{"rendered":"<p>O candidato do PSB ao Governo da Para\u00edba, Jo\u00e3o Azev\u00eado, anunciou que ir\u00e1 dobrar, j\u00e1 no pr\u00f3ximo ano, o valor do Abono Natalino pago pelo Estado aos benefici\u00e1rios do Bolsa Fam\u00edlia, caso seja eleito. O an\u00fancio foi feito na presen\u00e7a de centenas de pessoas que lotaram as depend\u00eancias do gin\u00e1sio do Prosind, em Jo\u00e3o Pessoa, para prestigiar a Plen\u00e1ria das Mangabeiras, na noite desta quinta-feira (9).<\/p>\n<p>Jo\u00e3o lembrou que o \u201813\u00ba do Bolsa Fam\u00edlia\u2019, como ficou conhecido o abono, \u00e9 pago pelo Governo do Estado a mais de 500 mil fam\u00edlias desde 2012, atrav\u00e9s da Secretaria de Desenvolvimento Humano. \u201cEsse foi um programa institu\u00eddo aqui na Para\u00edba pelo governo do PSB, pelo governo do companheiro Ricardo Coutinho\u201d, destacou o candidato socialista, lembrando que o valor pago a cada benefici\u00e1rio no ano passado foi de R$ 32.<\/p>\n<p>Ele ressaltou que a Para\u00edba \u00e9 o \u00fanico Estado a conceder o Abono Natalino \u00e0s fam\u00edlias inscritas no Bolsa Fam\u00edlia. \u201cEnquanto o Governo Federal faz cortes no Bolsa Fam\u00edlia, n\u00f3s aqui na Para\u00edba vamos dobrar o abono natalino em 2019 para R$ 64, dando mais dignidade \u00e0s fam\u00edlias que s\u00e3o benefici\u00e1rias do programa\u201d, garantiu Jo\u00e3o, acrescentando que, no total, j\u00e1 foram investidos com recursos pr\u00f3prios do Tesouro Estadual aproximadamente R$ 98 milh\u00f5es no programa.<\/p>\n<p>&nbsp;<\/p>\n<p>Cariri Em A\u00e7\u00e3o<\/p>\n<p>Leia mais not\u00edcias em\u00a0<a href=\"http:\/\/www.caririemacao.com\/\">caririemacao.com<\/a>, siga nossa p\u00e1gina no\u00a0<a href=\"https:\/\/www.facebook.com\/CaririEmAcao\/?ref=aymt_homepage_panel\">Facebook<\/a>,\u00a0<a href=\"https:\/\/www.instagram.com\/cariri_em_acao\/?hl=pt-br\">Instagram<\/a>\u00a0e\u00a0<a href=\"https:\/\/www.youtube.com\/channel\/UCAptA0jQuYQy8vMhLt2m4qg\">Youtube<\/a>\u00a0e veja nossas mat\u00e9rias, v\u00eddeos e fotos. Voc\u00ea tamb\u00e9m pode enviar informa\u00e7\u00f5es \u00e0 Reda\u00e7\u00e3o do Portal Cariri em A\u00e7\u00e3o pelo WhatsApp (83) 9 9634.5791, (83) 9 9601-1162.<\/p>\n","protected":false},"excerpt":{"rendered":"<p>O candidato do PSB ao Governo da Para\u00edba, Jo\u00e3o Azev\u00eado, anunciou que ir\u00e1 dobrar, j\u00e1 no pr\u00f3ximo ano, o valor do Abono Natalino pago pelo&hellip; <\/p>\n","protected":false},"author":1,"featured_media":59912,"comment_status":"closed","ping_status":"closed","sticky":false,"template":"","format":"standard","meta":{"sfsi_plus_gutenberg_text_before_share":"","sfsi_plus_gutenberg_show_text_before_share":"","sfsi_plus_gutenberg_icon_type":"","sfsi_plus_gutenberg_icon_alignemt":"","sfsi_plus_gutenburg_max_per_row":"","footnotes":""},"categories":[11],"tags":[],"class_list":["post-60836","post","type-post","status-publish","format-standard","has-post-thumbnail","hentry","category-politica"],"_links":{"self":[{"href":"https:\/\/www.caririemacao.com\/1\/wp-json\/wp\/v2\/posts\/60836","targetHints":{"allow":["GET"]}}],"collection":[{"href":"https:\/\/www.caririemacao.com\/1\/wp-json\/wp\/v2\/posts"}],"about":[{"href":"https:\/\/www.caririemacao.com\/1\/wp-json\/wp\/v2\/types\/post"}],"author":[{"embeddable":true,"href":"https:\/\/www.caririemacao.com\/1\/wp-json\/wp\/v2\/users\/1"}],"replies":[{"embeddable":true,"href":"https:\/\/www.caririemacao.com\/1\/wp-json\/wp\/v2\/comments?post=60836"}],"version-history":[{"count":2,"href":"https:\/\/www.caririemacao.com\/1\/wp-json\/wp\/v2\/posts\/60836\/revisions"}],"predecessor-version":[{"id":60838,"href":"https:\/\/www.caririemacao.com\/1\/wp-json\/wp\/v2\/posts\/60836\/revisions\/60838"}],"wp:featuredmedia":[{"embeddable":true,"href":"https:\/\/www.caririemacao.com\/1\/wp-json\/wp\/v2\/media\/59912"}],"wp:attachment":[{"href":"https:\/\/www.caririemacao.com\/1\/wp-json\/wp\/v2\/media?parent=60836"}],"wp:term":[{"taxonomy":"category","embeddable":true,"href":"https:\/\/www.caririemacao.com\/1\/wp-json\/wp\/v2\/categories?post=60836"},{"taxonomy":"post_tag","embeddable":true,"href":"https:\/\/www.caririemacao.com\/1\/wp-json\/wp\/v2\/tags?post=60836"}],"curies":[{"name":"wp","href":"https:\/\/api.w.org\/{rel}","templated":true}]}}