{"id":60839,"date":"2018-08-10T13:14:05","date_gmt":"2018-08-10T16:14:05","guid":{"rendered":"http:\/\/caririemacao.com\/1\/?p=60839"},"modified":"2018-08-10T13:15:06","modified_gmt":"2018-08-10T16:15:06","slug":"greve-dos-caminhoneiros-faz-comercio-cair","status":"publish","type":"post","link":"https:\/\/www.caririemacao.com\/1\/2018\/08\/10\/greve-dos-caminhoneiros-faz-comercio-cair\/","title":{"rendered":"Greve dos Caminhoneiros faz com\u00e9rcio cair"},"content":{"rendered":"<div class=\"mc-column content-text active-extra-styles active-capital-letter\" data-block-type=\"unstyled\" data-block-weight=\"42\" data-block-id=\"2\">\n<p class=\"content-text__container theme-color-primary-first-letter\" data-track-category=\"Link no Texto\" data-track-links=\"\">\u00c0s vendas do com\u00e9rcio varejista brasileiro ca\u00edram 0,3% em junho na compara\u00e7\u00e3o com o m\u00eas anterior, segundo divulgou nesta sexta-feira (10) o Instituto Brasileiro de Geografia e Estat\u00edstica (IBGE). Trata-se do segundo resultado negativo consecutivo, acumulando perda de 1,5% em dois meses.<\/p>\n<\/div>\n<div class=\"wall\">\n<div class=\"mc-column content-text active-extra-styles \" data-block-type=\"unstyled\" data-block-weight=\"30\" data-block-id=\"3\">\n<p class=\"content-text__container \" data-track-category=\"Link no Texto\" data-track-links=\"\">A taxa de maio foi revisada para queda de 1,2% em vez de 0,6%, devido \u00e0 greve dos caminhoneiros que causou desabastecimento e queda no consumo tamb\u00e9m no m\u00eas seguinte.<\/p>\n<\/div>\n<div class=\"mc-column content-text active-extra-styles \" data-block-type=\"unstyled\" data-block-weight=\"3\" data-block-id=\"4\">\n<p class=\"content-text__container \" data-track-category=\"Link no Texto\" data-track-links=\"\"><strong>N\u00fameros do varejo:<\/strong><\/p>\n<\/div>\n<div class=\"mc-column content-text active-extra-styles\" data-block-type=\"raw\" data-block-weight=\"26\" data-block-id=\"5\">\n<ul class=\"content-unordered-list\">\n<li>Junho em rela\u00e7\u00e3o a maio: -0,3%<\/li>\n<li>Junho em rela\u00e7\u00e3o a mesmo m\u00eas de 2017: 1,5%<\/li>\n<li>1\u00ba semestre: 2,9%<\/li>\n<li>2\u00ba trimestre: 1,6%<\/li>\n<li>Acumulado de 12 meses: 3,6%<\/li>\n<\/ul>\n<\/div>\n<div class=\"mc-column content-text active-extra-styles \" data-block-type=\"unstyled\" data-block-weight=\"41\" data-block-id=\"6\">\n<p class=\"content-text__container \" data-track-category=\"Link no Texto\" data-track-links=\"\">Com o resultado de junho, o patamar de vendas do com\u00e9rcio varejista ficou 7,7% abaixo do n\u00edvel recorde do setor, alcan\u00e7ado em outubro de 2014. Essa dist\u00e2ncia chegou a 13,4% em dezembro de 2016, o que demonstra recupera\u00e7\u00e3o gradativa do setor.<\/p>\n<\/div>\n<div class=\"mc-column content-text active-extra-styles \" data-block-type=\"unstyled\" data-block-weight=\"25\" data-block-id=\"7\">\n<p class=\"content-text__container \" data-track-category=\"Link no Texto\" data-track-links=\"\">Em rela\u00e7\u00e3o a junho do ano passado, o com\u00e9rcio varejista cresceu 1,5%. Foi a 15\u00aa taxa positiva seguida, embora menor que a de maio (2,7%).<\/p>\n<div class=\"mc-column content-text active-extra-styles \" data-block-type=\"unstyled\" data-block-weight=\"24\" data-block-id=\"9\">\n<p class=\"content-text__container \" data-track-category=\"Link no Texto\" data-track-links=\"\">No fechamento do segundo trimestre, o volume de vendas cresceu 1,6% &#8211; bem abaixo da alta de 4,3% registrada no primeiro trimestre do ano.<\/p>\n<\/div>\n<div class=\"mc-column content-text active-extra-styles \" data-block-type=\"unstyled\" data-block-weight=\"43\" data-block-id=\"10\">\n<p class=\"content-text__container \" data-track-category=\"Link no Texto\" data-track-links=\"\">No acumulado no ano, a alta foi de 2,9%, tamb\u00e9m abaixo do \u00faltimo semestre do ano passado, quando o setor acumulava alta de 4,2%. Apesar da desacelera\u00e7\u00e3o, foi o segundo semestre de alta consecutiva, depois de o setor registrar cinco quedas semestrais seguidas.<\/p>\n<div class=\"mc-column content-text active-extra-styles \" data-block-type=\"unstyled\" data-block-weight=\"16\" data-block-id=\"12\">\n<p class=\"content-text__container \" data-track-category=\"Link no Texto\" data-track-links=\"\">O acumulado em 12 meses passou de 3,7% em maio para 3,6% em junho, sinalizando estabilidade.<\/p>\n<\/div>\n<div class=\"mc-column content-text active-extra-styles \" data-block-type=\"unstyled\" data-block-weight=\"70\" data-block-id=\"13\">\n<p class=\"content-text__container \" data-track-category=\"Link no Texto\" data-track-links=\"\">Al\u00e9m dos dados de maio, o IBGE revisou os dados do com\u00e9rcio de todos os meses deste ano. Em abril, a alta de 0,7% foi revisada para 1,1%. Em mar\u00e7o, ao inv\u00e9s de um avan\u00e7o de 1%, a alta foi de 0,9%. Fevereiro, quando havia sido divulgada uma estabilidade de 0%, houve queda de 0,1%. E em janeiro o setor avan\u00e7ou 0,9%, ao contr\u00e1rio do 1% que havia sido divulgado.<\/p>\n<\/div>\n<\/div>\n<p data-track-category=\"Link no Texto\" data-track-links=\"\"><strong>G1\/Foto: Reprodu\u00e7\u00e3o\u00a0<\/strong><\/p>\n<p>Cariri Em A\u00e7\u00e3o<\/p>\n<p>Leia mais not\u00edcias em\u00a0<a href=\"http:\/\/www.caririemacao.com\/\">caririemacao.com<\/a>, siga nossa p\u00e1gina no\u00a0<a href=\"https:\/\/www.facebook.com\/CaririEmAcao\/?ref=aymt_homepage_panel\">Facebook<\/a>,\u00a0<a href=\"https:\/\/www.instagram.com\/cariri_em_acao\/?hl=pt-br\">Instagram<\/a>\u00a0e\u00a0<a href=\"https:\/\/www.youtube.com\/channel\/UCAptA0jQuYQy8vMhLt2m4qg\">Youtube<\/a>\u00a0e veja nossas mat\u00e9rias, v\u00eddeos e fotos. Voc\u00ea tamb\u00e9m pode enviar informa\u00e7\u00f5es \u00e0 Reda\u00e7\u00e3o do Portal Cariri em A\u00e7\u00e3o pelo WhatsApp (83) 9 9634.5791, (83) 9 9601-1162.<\/p>\n<\/div>\n<\/div>\n","protected":false},"excerpt":{"rendered":"<p>\u00c0s vendas do com\u00e9rcio varejista brasileiro ca\u00edram 0,3% em junho na compara\u00e7\u00e3o com o m\u00eas anterior, segundo divulgou nesta sexta-feira (10) o Instituto Brasileiro de&hellip; <\/p>\n","protected":false},"author":1,"featured_media":52269,"comment_status":"closed","ping_status":"closed","sticky":false,"template":"","format":"standard","meta":{"sfsi_plus_gutenberg_text_before_share":"","sfsi_plus_gutenberg_show_text_before_share":"","sfsi_plus_gutenberg_icon_type":"","sfsi_plus_gutenberg_icon_alignemt":"","sfsi_plus_gutenburg_max_per_row":"","footnotes":""},"categories":[2],"tags":[],"class_list":["post-60839","post","type-post","status-publish","format-standard","has-post-thumbnail","hentry","category-geral"],"_links":{"self":[{"href":"https:\/\/www.caririemacao.com\/1\/wp-json\/wp\/v2\/posts\/60839","targetHints":{"allow":["GET"]}}],"collection":[{"href":"https:\/\/www.caririemacao.com\/1\/wp-json\/wp\/v2\/posts"}],"about":[{"href":"https:\/\/www.caririemacao.com\/1\/wp-json\/wp\/v2\/types\/post"}],"author":[{"embeddable":true,"href":"https:\/\/www.caririemacao.com\/1\/wp-json\/wp\/v2\/users\/1"}],"replies":[{"embeddable":true,"href":"https:\/\/www.caririemacao.com\/1\/wp-json\/wp\/v2\/comments?post=60839"}],"version-history":[{"count":2,"href":"https:\/\/www.caririemacao.com\/1\/wp-json\/wp\/v2\/posts\/60839\/revisions"}],"predecessor-version":[{"id":60841,"href":"https:\/\/www.caririemacao.com\/1\/wp-json\/wp\/v2\/posts\/60839\/revisions\/60841"}],"wp:featuredmedia":[{"embeddable":true,"href":"https:\/\/www.caririemacao.com\/1\/wp-json\/wp\/v2\/media\/52269"}],"wp:attachment":[{"href":"https:\/\/www.caririemacao.com\/1\/wp-json\/wp\/v2\/media?parent=60839"}],"wp:term":[{"taxonomy":"category","embeddable":true,"href":"https:\/\/www.caririemacao.com\/1\/wp-json\/wp\/v2\/categories?post=60839"},{"taxonomy":"post_tag","embeddable":true,"href":"https:\/\/www.caririemacao.com\/1\/wp-json\/wp\/v2\/tags?post=60839"}],"curies":[{"name":"wp","href":"https:\/\/api.w.org\/{rel}","templated":true}]}}