{"id":60846,"date":"2018-08-10T13:55:14","date_gmt":"2018-08-10T16:55:14","guid":{"rendered":"http:\/\/caririemacao.com\/1\/?p=60846"},"modified":"2018-08-10T13:56:22","modified_gmt":"2018-08-10T16:56:22","slug":"jfpb-condena-ex-prefeito-e-mais-7-por-fraudes-que-causaram-prejuizo-de-r-480-mil-em-municipio","status":"publish","type":"post","link":"https:\/\/www.caririemacao.com\/1\/2018\/08\/10\/jfpb-condena-ex-prefeito-e-mais-7-por-fraudes-que-causaram-prejuizo-de-r-480-mil-em-municipio\/","title":{"rendered":"JFPB condena ex-prefeito e mais 7 por fraudes que causaram preju\u00edzo de R$ 480 mil em munic\u00edpio"},"content":{"rendered":"<p>A Justi\u00e7a Federal na Para\u00edba (JFPB) condenou o ex-prefeito do munic\u00edpio de Cacimbas, no sert\u00e3o do estado, Geraldo Paulino Terto, e outras sete pessoas envolvidas num esquema criminoso de fraudes em licita\u00e7\u00f5es, entre os anos de 2005 e 2008. De acordo com a senten\u00e7a, o ex-gestor praticou improbidade administrativa ao dispensar, irregularmente, processos licitat\u00f3rios que causaram preju\u00edzo aos cofres p\u00fablicos de, pelo menos, R$ 480.505,30 (\u00e0 \u00e9poca). A decis\u00e3o, do juiz federal Cl\u00e1udio Gir\u00e3o Barreto, foi publicada no Di\u00e1rio Oficial Eletr\u00f4nico da 5\u00aa Regi\u00e3o dessa quarta-feira (08).<\/p>\n<p>Segundo o magistrado, Geraldo Paulino Terto, C\u00edcero Sherdan Lima de Medeiros, Maria Luciete Marques da Cunha, Maricleide Ferreira Ramos Arruda (presidente e membros da Comiss\u00e3o de Licita\u00e7\u00e3o \u2013 CPL), Onofre Almeida Barbosa, Judi Costa Amorim, Ronilson Amorim Gon\u00e7alo e Wilson Robson Amorim Gon\u00e7alo (empres\u00e1rios) fraudaram ou participaram das falsas licita\u00e7\u00f5es causando preju\u00edzo ao Governo Federal, por meio de verbas repassadas para execu\u00e7\u00e3o do Programa de Erradica\u00e7\u00e3o do Trabalho Infantil (Peti).<\/p>\n<p>O grupo ter\u00e1 que, solidariamente, repor aos cofres p\u00fablicos (Uni\u00e3o), com os devidos acr\u00e9scimos legais (corre\u00e7\u00e3o monet\u00e1ria e juros de mora, em conformidade com o Manual de C\u00e1lculos da Justi\u00e7a Federal, a contar de 03\/03\/2008), a quantia de R$ 480.505,30. Al\u00e9m disso, Geraldo Paulino Terto, Wilson Amorim, Judi Amorim, Ronilson Amorim e Onofre Almeida Barbosa pagar\u00e3o multa (a ser rateada igualmente entre os envolvidos) no valor de R$ 240.252,65, com os acr\u00e9scimos legais.<\/p>\n<p>Geraldo Paulino Terto ainda deve perder as fun\u00e7\u00f5es p\u00fablicas que, por ventura, estiver exercendo, inclusive com a cassa\u00e7\u00e3o de eventuais aposentadorias estatut\u00e1rias, em qualquer das esferas (federal, estadual ou municipal), quando do tr\u00e2nsito em julgado da senten\u00e7a; e ter\u00e1 os direitos pol\u00edticos suspensos pelo prazo de cinco anos. Wilson Amorim, Ronilson Amorim, Judi Amorim e Onofre Almeida Barbosa ficar\u00e3o proibidos de contratar com o Poder P\u00fablico ou receber benef\u00edcios ou incentivos fiscais ou de cr\u00e9dito, direta ou indiretamente, ainda que por interm\u00e9dio de pessoa jur\u00eddica da qual seja s\u00f3cio majorit\u00e1rio, pelo prazo de cinco anos; ter\u00e3o tamb\u00e9m os direitos pol\u00edticos suspensos por cinco anos.<\/p>\n<p>J\u00e1 Maricleide Ferreira, Maria Luciete e C\u00edcero Sherdan pagar\u00e3o multa (a ser rateada igualmente entre os envolvidos) no valor de R$ 120.126,32, com os acr\u00e9scimos legais.<\/p>\n<p>Processo n\u00ba 0000862-61.2013.4.05.8205.<\/p>\n<p>&nbsp;<\/p>\n<p><strong>Para\u00edba J\u00e1\/Foto: Reprodu\u00e7\u00e3o\u00a0<\/strong><\/p>\n<p>Cariri Em A\u00e7\u00e3o<\/p>\n<blockquote><p>Leia mais not\u00edcias em\u00a0<a href=\"http:\/\/www.caririemacao.com\/\">caririemacao.com<\/a>, siga nossa p\u00e1gina no\u00a0<a href=\"https:\/\/www.facebook.com\/CaririEmAcao\/?ref=aymt_homepage_panel\">Facebook<\/a>,\u00a0<a href=\"https:\/\/www.instagram.com\/cariri_em_acao\/?hl=pt-br\">Instagram<\/a>\u00a0e\u00a0<a href=\"https:\/\/www.youtube.com\/channel\/UCAptA0jQuYQy8vMhLt2m4qg\">Youtube<\/a>\u00a0e veja nossas mat\u00e9rias, v\u00eddeos e fotos. Voc\u00ea tamb\u00e9m pode enviar informa\u00e7\u00f5es \u00e0 Reda\u00e7\u00e3o do Portal Cariri em A\u00e7\u00e3o pelo WhatsApp (83) 9 9634.5791, (83) 9 9601-1162.<\/p><\/blockquote>\n","protected":false},"excerpt":{"rendered":"<p>A Justi\u00e7a Federal na Para\u00edba (JFPB) condenou o ex-prefeito do munic\u00edpio de Cacimbas, no sert\u00e3o do estado, Geraldo Paulino Terto, e outras sete pessoas envolvidas&hellip; <\/p>\n","protected":false},"author":1,"featured_media":60847,"comment_status":"closed","ping_status":"closed","sticky":false,"template":"","format":"standard","meta":{"sfsi_plus_gutenberg_text_before_share":"","sfsi_plus_gutenberg_show_text_before_share":"","sfsi_plus_gutenberg_icon_type":"","sfsi_plus_gutenberg_icon_alignemt":"","sfsi_plus_gutenburg_max_per_row":"","footnotes":""},"categories":[11],"tags":[],"class_list":["post-60846","post","type-post","status-publish","format-standard","has-post-thumbnail","hentry","category-politica"],"_links":{"self":[{"href":"https:\/\/www.caririemacao.com\/1\/wp-json\/wp\/v2\/posts\/60846","targetHints":{"allow":["GET"]}}],"collection":[{"href":"https:\/\/www.caririemacao.com\/1\/wp-json\/wp\/v2\/posts"}],"about":[{"href":"https:\/\/www.caririemacao.com\/1\/wp-json\/wp\/v2\/types\/post"}],"author":[{"embeddable":true,"href":"https:\/\/www.caririemacao.com\/1\/wp-json\/wp\/v2\/users\/1"}],"replies":[{"embeddable":true,"href":"https:\/\/www.caririemacao.com\/1\/wp-json\/wp\/v2\/comments?post=60846"}],"version-history":[{"count":1,"href":"https:\/\/www.caririemacao.com\/1\/wp-json\/wp\/v2\/posts\/60846\/revisions"}],"predecessor-version":[{"id":60848,"href":"https:\/\/www.caririemacao.com\/1\/wp-json\/wp\/v2\/posts\/60846\/revisions\/60848"}],"wp:featuredmedia":[{"embeddable":true,"href":"https:\/\/www.caririemacao.com\/1\/wp-json\/wp\/v2\/media\/60847"}],"wp:attachment":[{"href":"https:\/\/www.caririemacao.com\/1\/wp-json\/wp\/v2\/media?parent=60846"}],"wp:term":[{"taxonomy":"category","embeddable":true,"href":"https:\/\/www.caririemacao.com\/1\/wp-json\/wp\/v2\/categories?post=60846"},{"taxonomy":"post_tag","embeddable":true,"href":"https:\/\/www.caririemacao.com\/1\/wp-json\/wp\/v2\/tags?post=60846"}],"curies":[{"name":"wp","href":"https:\/\/api.w.org\/{rel}","templated":true}]}}