{"id":60849,"date":"2018-08-10T14:03:29","date_gmt":"2018-08-10T17:03:29","guid":{"rendered":"http:\/\/caririemacao.com\/1\/?p=60849"},"modified":"2018-08-10T14:03:29","modified_gmt":"2018-08-10T17:03:29","slug":"governo-inicia-projeto-para-obras-de-interligacao-de-mais-um-bairro-de-monteiro-a-br-412","status":"publish","type":"post","link":"https:\/\/www.caririemacao.com\/1\/2018\/08\/10\/governo-inicia-projeto-para-obras-de-interligacao-de-mais-um-bairro-de-monteiro-a-br-412\/","title":{"rendered":"Governo inicia projeto para obras de interliga\u00e7\u00e3o de mais um bairro de Monteiro a BR 412"},"content":{"rendered":"<p>Mais uma das reivindica\u00e7\u00f5es da prefeita Anna Lorena feitas ao governador Ricardo Coutinho come\u00e7aram a ser elaboradas nesta quarta-feira, 8, com a elabora\u00e7\u00e3o do projeto de pavimenta\u00e7\u00e3o do bairro do Cemit\u00e9rio \u00e0 BR 412.<\/p>\n<p>Engenheiros da Superintend\u00eancia de Planejamento e Obras do Estado \u2013 SUPLAN, estiveram em Monteiro na manh\u00e3 desta quarta-feira, \u00a0e acompanhados dos secret\u00e1rios de Infraestrutura (Rostand Chaves) e de Planejamento \u00a0(Waldirene Alves) estiveram no local para vistoriar a \u00e1rea, fazer as medi\u00e7\u00f5es topogr\u00e1ficas e verificarem as demandas necess\u00e1rias para a pavimenta\u00e7\u00e3o, cujos recursos j\u00e1 foram assegurados pelo governador Ricardo Coutinho.<\/p>\n<p>Segundo os t\u00e9cnicos da SUPLAN, a previs\u00e3o \u00e9 de que o projeto esteja pronto at\u00e9 o final de agosto e em seguida j\u00e1 se proceda o processo licitat\u00f3rio para que as obras sejam iniciadas.<\/p>\n<p>A pavimenta\u00e7\u00e3o deste trecho foi um pleito da prefeita Anna Lorena junto ao governador Ricardo Coutinho, atendido prontamente pelo gestor estadual, que se comprometeu em executar outras obras de infraestrutura na \u00e1rea urbana, a exemplo do asfalto da avenida principal de Monteiro e a perfura\u00e7\u00e3o de po\u00e7os artesianos na zona rural.<\/p>\n<p>&nbsp;<\/p>\n<p><strong>Vitrine do Cariri\/Foto: Reprodu\u00e7\u00e3o\u00a0<\/strong><\/p>\n<p>Cariri Em A\u00e7\u00e3o<\/p>\n<p>Leia mais not\u00edcias em\u00a0<a href=\"http:\/\/www.caririemacao.com\/\">caririemacao.com<\/a>, siga nossa p\u00e1gina no\u00a0<a href=\"https:\/\/www.facebook.com\/CaririEmAcao\/?ref=aymt_homepage_panel\">Facebook<\/a>,\u00a0<a href=\"https:\/\/www.instagram.com\/cariri_em_acao\/?hl=pt-br\">Instagram<\/a>\u00a0e\u00a0<a href=\"https:\/\/www.youtube.com\/channel\/UCAptA0jQuYQy8vMhLt2m4qg\">Youtube<\/a>\u00a0e veja nossas mat\u00e9rias, v\u00eddeos e fotos. Voc\u00ea tamb\u00e9m pode enviar informa\u00e7\u00f5es \u00e0 Reda\u00e7\u00e3o do Portal Cariri em A\u00e7\u00e3o pelo WhatsApp (83) 9 9634.5791, (83) 9 9601-1162.<\/p>\n<p>&nbsp;<\/p>\n","protected":false},"excerpt":{"rendered":"<p>Mais uma das reivindica\u00e7\u00f5es da prefeita Anna Lorena feitas ao governador Ricardo Coutinho come\u00e7aram a ser elaboradas nesta quarta-feira, 8, com a elabora\u00e7\u00e3o do projeto&hellip; <\/p>\n","protected":false},"author":1,"featured_media":60850,"comment_status":"closed","ping_status":"closed","sticky":false,"template":"","format":"standard","meta":{"sfsi_plus_gutenberg_text_before_share":"","sfsi_plus_gutenberg_show_text_before_share":"","sfsi_plus_gutenberg_icon_type":"","sfsi_plus_gutenberg_icon_alignemt":"","sfsi_plus_gutenburg_max_per_row":"","footnotes":""},"categories":[6],"tags":[],"class_list":["post-60849","post","type-post","status-publish","format-standard","has-post-thumbnail","hentry","category-cidades"],"_links":{"self":[{"href":"https:\/\/www.caririemacao.com\/1\/wp-json\/wp\/v2\/posts\/60849","targetHints":{"allow":["GET"]}}],"collection":[{"href":"https:\/\/www.caririemacao.com\/1\/wp-json\/wp\/v2\/posts"}],"about":[{"href":"https:\/\/www.caririemacao.com\/1\/wp-json\/wp\/v2\/types\/post"}],"author":[{"embeddable":true,"href":"https:\/\/www.caririemacao.com\/1\/wp-json\/wp\/v2\/users\/1"}],"replies":[{"embeddable":true,"href":"https:\/\/www.caririemacao.com\/1\/wp-json\/wp\/v2\/comments?post=60849"}],"version-history":[{"count":1,"href":"https:\/\/www.caririemacao.com\/1\/wp-json\/wp\/v2\/posts\/60849\/revisions"}],"predecessor-version":[{"id":60851,"href":"https:\/\/www.caririemacao.com\/1\/wp-json\/wp\/v2\/posts\/60849\/revisions\/60851"}],"wp:featuredmedia":[{"embeddable":true,"href":"https:\/\/www.caririemacao.com\/1\/wp-json\/wp\/v2\/media\/60850"}],"wp:attachment":[{"href":"https:\/\/www.caririemacao.com\/1\/wp-json\/wp\/v2\/media?parent=60849"}],"wp:term":[{"taxonomy":"category","embeddable":true,"href":"https:\/\/www.caririemacao.com\/1\/wp-json\/wp\/v2\/categories?post=60849"},{"taxonomy":"post_tag","embeddable":true,"href":"https:\/\/www.caririemacao.com\/1\/wp-json\/wp\/v2\/tags?post=60849"}],"curies":[{"name":"wp","href":"https:\/\/api.w.org\/{rel}","templated":true}]}}