{"id":60859,"date":"2018-08-10T17:26:15","date_gmt":"2018-08-10T20:26:15","guid":{"rendered":"http:\/\/caririemacao.com\/1\/?p=60859"},"modified":"2018-08-10T17:32:18","modified_gmt":"2018-08-10T20:32:18","slug":"sicoob-inaugura-agencia-em-sume","status":"publish","type":"post","link":"https:\/\/www.caririemacao.com\/1\/2018\/08\/10\/sicoob-inaugura-agencia-em-sume\/","title":{"rendered":"Sicoob inaugura ag\u00eancia em Sum\u00e9. Veja fotos e v\u00eddeos"},"content":{"rendered":"<p>O Sicoob inaugurou na manh\u00e3 desta sexta-feira, (10) sua ag\u00eancia na cidade de Sum\u00e9, objetivando fortalecer o desenvolvimento da cidade e da regi\u00e3o.<\/p>\n<p><img fetchpriority=\"high\" decoding=\"async\" class=\"alignnone size-full wp-image-60862\" src=\"http:\/\/caririemacao.com\/1\/wp-content\/uploads\/2018\/08\/DSC_0276.jpg\" alt=\"\" width=\"1024\" height=\"683\" srcset=\"https:\/\/www.caririemacao.com\/1\/wp-content\/uploads\/2018\/08\/DSC_0276.jpg 1024w, https:\/\/www.caririemacao.com\/1\/wp-content\/uploads\/2018\/08\/DSC_0276-300x200.jpg 300w, https:\/\/www.caririemacao.com\/1\/wp-content\/uploads\/2018\/08\/DSC_0276-768x512.jpg 768w\" sizes=\"(max-width: 1024px) 100vw, 1024px\" \/><\/p>\n<p>A solenidade de inaugura\u00e7\u00e3o contou com a presen\u00e7a da diretoria do Sicoob, representada pelo diretor presidente Nordeste, Evaldo Campos, do prefeito de Sum\u00e9, \u00c9den Duarte, dos vereadores Z\u00e9 Ant\u00f4nio e de Jefferson Menezes, empres\u00e1rios sumeenses, representando o CDL Sum\u00e9 e de v\u00e1rias pessoas que foram prestigiar o in\u00edcio das atividades do Sicoob em Sum\u00e9.<\/p>\n<p><img decoding=\"async\" class=\"alignnone size-full wp-image-60866 lazyload\" data-src=\"http:\/\/caririemacao.com\/1\/wp-content\/uploads\/2018\/08\/DSC_0169.jpg\" alt=\"\" width=\"1024\" height=\"683\" data-srcset=\"https:\/\/www.caririemacao.com\/1\/wp-content\/uploads\/2018\/08\/DSC_0169.jpg 1024w, https:\/\/www.caririemacao.com\/1\/wp-content\/uploads\/2018\/08\/DSC_0169-300x200.jpg 300w, https:\/\/www.caririemacao.com\/1\/wp-content\/uploads\/2018\/08\/DSC_0169-768x512.jpg 768w\" data-sizes=\"(max-width: 1024px) 100vw, 1024px\" src=\"data:image\/svg+xml;base64,PHN2ZyB3aWR0aD0iMSIgaGVpZ2h0PSIxIiB4bWxucz0iaHR0cDovL3d3dy53My5vcmcvMjAwMC9zdmciPjwvc3ZnPg==\" style=\"--smush-placeholder-width: 1024px; --smush-placeholder-aspect-ratio: 1024\/683;\" \/><\/p>\n<p>O diretor presidente do Sicoob Nordeste, Evaldo Campos, disse que a ag\u00eancia de Sum\u00e9 nasceu de uma demanda do povo sumeense.\u00a0Evaldo explicou que a ag\u00eancia foi instalada ap\u00f3s v\u00e1rias reuni\u00f5es com empres\u00e1rios e autoridades sumeenses que demostraram o interesse em ter a ag\u00eancia no munic\u00edpio. Ele acrescentou dizendo que a agencia conta com uma equipe altamente capacitada que j\u00e1 est\u00e1 no local de prontid\u00e3o para oferecer produtos e servi\u00e7os financeiros adequados a cada necessidade.<\/p>\n<p><img decoding=\"async\" class=\"alignnone size-full wp-image-60860 lazyload\" data-src=\"http:\/\/caririemacao.com\/1\/wp-content\/uploads\/2018\/08\/DSC_0311-1.jpg\" alt=\"\" width=\"1024\" height=\"683\" data-srcset=\"https:\/\/www.caririemacao.com\/1\/wp-content\/uploads\/2018\/08\/DSC_0311-1.jpg 1024w, https:\/\/www.caririemacao.com\/1\/wp-content\/uploads\/2018\/08\/DSC_0311-1-300x200.jpg 300w, https:\/\/www.caririemacao.com\/1\/wp-content\/uploads\/2018\/08\/DSC_0311-1-768x512.jpg 768w\" data-sizes=\"(max-width: 1024px) 100vw, 1024px\" src=\"data:image\/svg+xml;base64,PHN2ZyB3aWR0aD0iMSIgaGVpZ2h0PSIxIiB4bWxucz0iaHR0cDovL3d3dy53My5vcmcvMjAwMC9zdmciPjwvc3ZnPg==\" style=\"--smush-placeholder-width: 1024px; --smush-placeholder-aspect-ratio: 1024\/683;\" \/><\/p>\n<p>Para o prefeito de Sum\u00e9, \u00c9den Duarte, o Sicoob come\u00e7a na melhor hora, quando o munic\u00edpio come\u00e7a a receber novos empreendimentos na cidade, fazendo com que a cidade tenha mais emprego e a renda circule na cidade. Ele parabenizou os diretores e o presidente Evaldo por vislumbrar na cidade um potencial atual que est\u00e1 em crescimento.<\/p>\n<p><a href=\"https:\/\/www.facebook.com\/pg\/CaririEmAcao\/photos\/?tab=album&amp;album_id=1328660170603336\">VEJA MAIS FOTOS. CLIQUE NESTE LINK AQUI.\u00a0<\/a><\/p>\n<p><a href=\"https:\/\/www.facebook.com\/CaririEmAcao\/videos\/1328177213984965\/\">ENTREVISTA COM O DIRETOR PRESIDENTE NORDESTE, EVALDO CAMPOS. CLIQUE AQUI.<\/a><\/p>\n<p><div class=\"ose- ose-uid-b151a6660f28a217f9a32e8d4832fdb2 ose-embedpress-responsive\" style=\"width:600px; height:550px; max-height:550px; max-width:100%; display:inline-block;\" data-embed-type=\"Facebook\"><iframe allowFullScreen=\"true\" class=\"embera-facebook-iframe-b151a lazyload\" data-src=\"https:\/\/www.facebook.com\/plugins\/post.php?href=https%3A%2F%2Fwww.facebook.com%2FCaririEmAcao%2Fvideos%2F1328177213984965%2F&width=600&height=550&show_text=true\" width=\"600\" height=\"550\" style=\"border:none;overflow:hidden\" scrolling=\"no\" frameborder=\"0\" allowTransparency=\"true\" src=\"data:image\/svg+xml;base64,PHN2ZyB3aWR0aD0iMSIgaGVpZ2h0PSIxIiB4bWxucz0iaHR0cDovL3d3dy53My5vcmcvMjAwMC9zdmciPjwvc3ZnPg==\" data-load-mode=\"1\"><\/iframe><\/div><\/p>\n<p><a href=\"https:\/\/www.facebook.com\/CaririEmAcao\/videos\/1328192930650060\/\">CARIRI EM A\u00c7\u00c3O FALA COM EMPRES\u00c1RIOS SUMEENSES. CLIQUE AQUI E VEJA V\u00cdDEO.\u00a0<\/a><\/p>\n<p><div class=\"ose- ose-uid-3c6abc85f089d9e24ca7135ad305deac ose-embedpress-responsive\" style=\"width:600px; height:550px; max-height:550px; max-width:100%; display:inline-block;\" data-embed-type=\"Facebook\"><iframe allowFullScreen=\"true\" class=\"embera-facebook-iframe-3c6ab lazyload\" data-src=\"https:\/\/www.facebook.com\/plugins\/post.php?href=https%3A%2F%2Fwww.facebook.com%2FCaririEmAcao%2Fvideos%2F1328192930650060%2F&width=600&height=550&show_text=true\" width=\"600\" height=\"550\" style=\"border:none;overflow:hidden\" scrolling=\"no\" frameborder=\"0\" allowTransparency=\"true\" src=\"data:image\/svg+xml;base64,PHN2ZyB3aWR0aD0iMSIgaGVpZ2h0PSIxIiB4bWxucz0iaHR0cDovL3d3dy53My5vcmcvMjAwMC9zdmciPjwvc3ZnPg==\" data-load-mode=\"1\"><\/iframe><\/div><\/p>\n<p><a href=\"https:\/\/www.facebook.com\/CaririEmAcao\/videos\/1328213473981339\/\">VEJA ENTREVISTA COM O PREFEITO DE SUM\u00c9, \u00c9DEN DUARTE. CLIQUE AQUI.<\/a><\/p>\n<p><div class=\"ose- ose-uid-1a80c9b38e92f86cd77e45eec54be024 ose-embedpress-responsive\" style=\"width:600px; height:550px; max-height:550px; max-width:100%; display:inline-block;\" data-embed-type=\"Facebook\"><iframe allowFullScreen=\"true\" class=\"embera-facebook-iframe-1a80c lazyload\" data-src=\"https:\/\/www.facebook.com\/plugins\/post.php?href=https%3A%2F%2Fwww.facebook.com%2FCaririEmAcao%2Fvideos%2F1328213473981339%2F&width=600&height=550&show_text=true\" width=\"600\" height=\"550\" style=\"border:none;overflow:hidden\" scrolling=\"no\" frameborder=\"0\" allowTransparency=\"true\" src=\"data:image\/svg+xml;base64,PHN2ZyB3aWR0aD0iMSIgaGVpZ2h0PSIxIiB4bWxucz0iaHR0cDovL3d3dy53My5vcmcvMjAwMC9zdmciPjwvc3ZnPg==\" data-load-mode=\"1\"><\/iframe><\/div><\/p>\n<p><a href=\"https:\/\/www.facebook.com\/CaririEmAcao\/videos\/1328219630647390\/\">VEJA SOLENIDADE DE INAUGURA\u00c7\u00c3O &#8211; PARTE 01<\/a><\/p>\n<p><div class=\"ose- ose-uid-36e044029f83aa5006bf0bef3109c0a7 ose-embedpress-responsive\" style=\"width:600px; height:550px; max-height:550px; max-width:100%; display:inline-block;\" data-embed-type=\"Facebook\"><iframe allowFullScreen=\"true\" class=\"embera-facebook-iframe-36e04 lazyload\" data-src=\"https:\/\/www.facebook.com\/plugins\/post.php?href=https%3A%2F%2Fwww.facebook.com%2FCaririEmAcao%2Fvideos%2F1328219630647390%2F&width=600&height=550&show_text=true\" width=\"600\" height=\"550\" style=\"border:none;overflow:hidden\" scrolling=\"no\" frameborder=\"0\" allowTransparency=\"true\" src=\"data:image\/svg+xml;base64,PHN2ZyB3aWR0aD0iMSIgaGVpZ2h0PSIxIiB4bWxucz0iaHR0cDovL3d3dy53My5vcmcvMjAwMC9zdmciPjwvc3ZnPg==\" data-load-mode=\"1\"><\/iframe><\/div><\/p>\n<p><a href=\"https:\/\/www.facebook.com\/CaririEmAcao\/videos\/1328267753975911\/\">VEJA SOLENIDADE DE INAUGURA\u00c7\u00c3O &#8211; PARTE 02<\/a><\/p>\n<p><div class=\"ose- ose-uid-8a08548e7b72a18c787f29dc50a4d06c ose-embedpress-responsive\" style=\"width:600px; height:550px; max-height:550px; max-width:100%; display:inline-block;\" data-embed-type=\"Facebook\"><iframe allowFullScreen=\"true\" class=\"embera-facebook-iframe-8a085 lazyload\" data-src=\"https:\/\/www.facebook.com\/plugins\/post.php?href=https%3A%2F%2Fwww.facebook.com%2FCaririEmAcao%2Fvideos%2F1328267753975911%2F&width=600&height=550&show_text=true\" width=\"600\" height=\"550\" style=\"border:none;overflow:hidden\" scrolling=\"no\" frameborder=\"0\" allowTransparency=\"true\" src=\"data:image\/svg+xml;base64,PHN2ZyB3aWR0aD0iMSIgaGVpZ2h0PSIxIiB4bWxucz0iaHR0cDovL3d3dy53My5vcmcvMjAwMC9zdmciPjwvc3ZnPg==\" data-load-mode=\"1\"><\/iframe><\/div><\/p>\n","protected":false},"excerpt":{"rendered":"<p>O Sicoob inaugurou na manh\u00e3 desta sexta-feira, (10) sua ag\u00eancia na cidade de Sum\u00e9, objetivando fortalecer o desenvolvimento da cidade e da regi\u00e3o. A solenidade&hellip; <\/p>\n","protected":false},"author":2,"featured_media":60863,"comment_status":"closed","ping_status":"closed","sticky":false,"template":"","format":"standard","meta":{"sfsi_plus_gutenberg_text_before_share":"","sfsi_plus_gutenberg_show_text_before_share":"","sfsi_plus_gutenberg_icon_type":"","sfsi_plus_gutenberg_icon_alignemt":"","sfsi_plus_gutenburg_max_per_row":"","footnotes":""},"categories":[2],"tags":[],"class_list":["post-60859","post","type-post","status-publish","format-standard","has-post-thumbnail","hentry","category-geral"],"_links":{"self":[{"href":"https:\/\/www.caririemacao.com\/1\/wp-json\/wp\/v2\/posts\/60859","targetHints":{"allow":["GET"]}}],"collection":[{"href":"https:\/\/www.caririemacao.com\/1\/wp-json\/wp\/v2\/posts"}],"about":[{"href":"https:\/\/www.caririemacao.com\/1\/wp-json\/wp\/v2\/types\/post"}],"author":[{"embeddable":true,"href":"https:\/\/www.caririemacao.com\/1\/wp-json\/wp\/v2\/users\/2"}],"replies":[{"embeddable":true,"href":"https:\/\/www.caririemacao.com\/1\/wp-json\/wp\/v2\/comments?post=60859"}],"version-history":[{"count":4,"href":"https:\/\/www.caririemacao.com\/1\/wp-json\/wp\/v2\/posts\/60859\/revisions"}],"predecessor-version":[{"id":60870,"href":"https:\/\/www.caririemacao.com\/1\/wp-json\/wp\/v2\/posts\/60859\/revisions\/60870"}],"wp:featuredmedia":[{"embeddable":true,"href":"https:\/\/www.caririemacao.com\/1\/wp-json\/wp\/v2\/media\/60863"}],"wp:attachment":[{"href":"https:\/\/www.caririemacao.com\/1\/wp-json\/wp\/v2\/media?parent=60859"}],"wp:term":[{"taxonomy":"category","embeddable":true,"href":"https:\/\/www.caririemacao.com\/1\/wp-json\/wp\/v2\/categories?post=60859"},{"taxonomy":"post_tag","embeddable":true,"href":"https:\/\/www.caririemacao.com\/1\/wp-json\/wp\/v2\/tags?post=60859"}],"curies":[{"name":"wp","href":"https:\/\/api.w.org\/{rel}","templated":true}]}}