{"id":60875,"date":"2018-08-10T17:50:26","date_gmt":"2018-08-10T20:50:26","guid":{"rendered":"http:\/\/caririemacao.com\/1\/?p=60875"},"modified":"2018-08-10T17:50:26","modified_gmt":"2018-08-10T20:50:26","slug":"sine-pb-oferece-69-vagas-de-emprego-a-partir-da-proxima-semana","status":"publish","type":"post","link":"https:\/\/www.caririemacao.com\/1\/2018\/08\/10\/sine-pb-oferece-69-vagas-de-emprego-a-partir-da-proxima-semana\/","title":{"rendered":"Sine-PB oferece 69 vagas de emprego a partir da pr\u00f3xima semana"},"content":{"rendered":"<p>O Sistema Nacional de Empregos da Para\u00edba (Sine-PB) oferece 69 oportunidades de emprego a partir desta segunda-feira (13).<\/p>\n<p>Campina Grande e Santa Rita s\u00e3o os munic\u00edpios que det\u00eam o maior n\u00famero de vagas, com 16 postos de emprego dispon\u00edveis, cada um.<\/p>\n<p>As demais vagas est\u00e3o distribu\u00eddas nos munic\u00edpios de Jo\u00e3o Pessoa, Bayeux, Guarabira, Cabedelo, S\u00e3o Bento e Patos.<\/p>\n<p>Mais informa\u00e7\u00f5es podem ser obtidas pelos telefones (83) 3218-6619, 3218-6618 ou 3218-6624 (em Jo\u00e3o Pessoa) e (83) 3310-9412 (em Campina Grande).<\/p>\n<p>Em Jo\u00e3o Pessoa, a sede do Sine-PB est\u00e1 localizada na rua Duque de Caxias, 305, no Centro de Jo\u00e3o Pessoa (pr\u00f3ximo ao Shopping Terceir\u00e3o.<\/p>\n<p>Confira o quadro de vagas:<\/p>\n<p><a href=\"https:\/\/paraibaonline.com.br\/wp-content\/uploads\/2018\/08\/VAGAS-10.08.2018-PDF.pdf\">VAGAS \u2013 10.08.2018 PDF<\/a><\/p>\n<p>&nbsp;<\/p>\n<p><strong>Para\u00edba Online\/Foto: Reprodu\u00e7\u00e3o\u00a0<\/strong><\/p>\n<p>Cariri Em A\u00e7\u00e3o<\/p>\n<p>Leia mais not\u00edcias em\u00a0<a href=\"http:\/\/www.caririemacao.com\/\">caririemacao.com<\/a>, siga nossa p\u00e1gina no\u00a0<a href=\"https:\/\/www.facebook.com\/CaririEmAcao\/?ref=aymt_homepage_panel\">Facebook<\/a>,\u00a0<a href=\"https:\/\/www.instagram.com\/cariri_em_acao\/?hl=pt-br\">Instagram<\/a>\u00a0e\u00a0<a href=\"https:\/\/www.youtube.com\/channel\/UCAptA0jQuYQy8vMhLt2m4qg\">Youtube<\/a>\u00a0e veja nossas mat\u00e9rias, v\u00eddeos e fotos. Voc\u00ea tamb\u00e9m pode enviar informa\u00e7\u00f5es \u00e0 Reda\u00e7\u00e3o do Portal Cariri em A\u00e7\u00e3o pelo WhatsApp (83) 9 9634.5791, (83) 9 9601-1162.<\/p>\n","protected":false},"excerpt":{"rendered":"<p>O Sistema Nacional de Empregos da Para\u00edba (Sine-PB) oferece 69 oportunidades de emprego a partir desta segunda-feira (13). Campina Grande e Santa Rita s\u00e3o os&hellip; <\/p>\n","protected":false},"author":1,"featured_media":16593,"comment_status":"closed","ping_status":"closed","sticky":false,"template":"","format":"standard","meta":{"sfsi_plus_gutenberg_text_before_share":"","sfsi_plus_gutenberg_show_text_before_share":"","sfsi_plus_gutenberg_icon_type":"","sfsi_plus_gutenberg_icon_alignemt":"","sfsi_plus_gutenburg_max_per_row":"","footnotes":""},"categories":[2],"tags":[],"class_list":["post-60875","post","type-post","status-publish","format-standard","has-post-thumbnail","hentry","category-geral"],"_links":{"self":[{"href":"https:\/\/www.caririemacao.com\/1\/wp-json\/wp\/v2\/posts\/60875","targetHints":{"allow":["GET"]}}],"collection":[{"href":"https:\/\/www.caririemacao.com\/1\/wp-json\/wp\/v2\/posts"}],"about":[{"href":"https:\/\/www.caririemacao.com\/1\/wp-json\/wp\/v2\/types\/post"}],"author":[{"embeddable":true,"href":"https:\/\/www.caririemacao.com\/1\/wp-json\/wp\/v2\/users\/1"}],"replies":[{"embeddable":true,"href":"https:\/\/www.caririemacao.com\/1\/wp-json\/wp\/v2\/comments?post=60875"}],"version-history":[{"count":1,"href":"https:\/\/www.caririemacao.com\/1\/wp-json\/wp\/v2\/posts\/60875\/revisions"}],"predecessor-version":[{"id":60876,"href":"https:\/\/www.caririemacao.com\/1\/wp-json\/wp\/v2\/posts\/60875\/revisions\/60876"}],"wp:featuredmedia":[{"embeddable":true,"href":"https:\/\/www.caririemacao.com\/1\/wp-json\/wp\/v2\/media\/16593"}],"wp:attachment":[{"href":"https:\/\/www.caririemacao.com\/1\/wp-json\/wp\/v2\/media?parent=60875"}],"wp:term":[{"taxonomy":"category","embeddable":true,"href":"https:\/\/www.caririemacao.com\/1\/wp-json\/wp\/v2\/categories?post=60875"},{"taxonomy":"post_tag","embeddable":true,"href":"https:\/\/www.caririemacao.com\/1\/wp-json\/wp\/v2\/tags?post=60875"}],"curies":[{"name":"wp","href":"https:\/\/api.w.org\/{rel}","templated":true}]}}