{"id":60877,"date":"2018-08-10T17:55:26","date_gmt":"2018-08-10T20:55:26","guid":{"rendered":"http:\/\/caririemacao.com\/1\/?p=60877"},"modified":"2018-08-10T17:55:26","modified_gmt":"2018-08-10T20:55:26","slug":"paraiba-e-o-quarto-estado-do-brasil-com-melhor-indice-de-investimentos-em-seguranca","status":"publish","type":"post","link":"https:\/\/www.caririemacao.com\/1\/2018\/08\/10\/paraiba-e-o-quarto-estado-do-brasil-com-melhor-indice-de-investimentos-em-seguranca\/","title":{"rendered":"Para\u00edba \u00e9 o quarto estado do Brasil com melhor \u00edndice de investimentos em seguran\u00e7a"},"content":{"rendered":"<p>A taxa de mortes violentas intencionais na Para\u00edba apresentou uma redu\u00e7\u00e3o de 3,5% em 2017 em rela\u00e7\u00e3o ao ano de 2016, passando de 33,1 mortes por grupo de 100 mil habitantes para 31,9. Foi a quarta maior redu\u00e7\u00e3o verificada no Nordeste. Em n\u00fameros absolutos, foram registradas 1.324 v\u00edtimas em 2016 e 1.286 em 2017. Os dados constam no Anu\u00e1rio Brasileiro da Seguran\u00e7a P\u00fablica 2018, divulgado nesta quinta-feira (9).<\/p>\n<p>Este \u00e9 o sexto ano consecutivo de redu\u00e7\u00e3o da Taxa de Homic\u00eddios dolosos na Para\u00edba, totalizando uma queda acumulada de 28% de 2012 a 2017. Segundo o mesmo estudo publicado em 2012, a Para\u00edba tinha em 2011 a terceira maior taxa de homic\u00eddios por grupo de 100 mil habitantes do Brasil. O valor era de 44 mortes naquele ano, perdendo apenas para os Estados de Alagoas e Esp\u00edrito Santo.<\/p>\n<p>Conforme o Anu\u00e1rio, Jo\u00e3o Pessoa se destaca entre capitais com uma Taxa de Homic\u00eddios em 2017 de 35,2, o que representa uma redu\u00e7\u00e3o de 19% em rela\u00e7\u00e3o a 2016, a segunda maior queda do \u00edndice na Regi\u00e3o Nordeste. A Capital paraibana tamb\u00e9m registra um processo continuado de redu\u00e7\u00e3o, pois em 2010 tinha uma taxa de 80,2, conforme o Mapa da Viol\u00eancia.<\/p>\n<p>Al\u00e9m disso, a Para\u00edba tem a segunda menor taxa de Roubos e Furtos de Ve\u00edculos do Nordeste e a 8\u00aa menor do Brasil.<\/p>\n<p>Crime contra mulher \u2013 O estudo mostra ainda que a Para\u00edba tem a menor Taxa de Homic\u00eddio contra mulheres do Nordeste, e a 9\u00aa menor do pa\u00eds, com o \u00edndice de 3,7 por grupo de 100 mil. Este n\u00famero foi decorrente de uma redu\u00e7\u00e3o de 22% em 2017 em rela\u00e7\u00e3o ao ano anterior.<\/p>\n<p>Latroc\u00ednios \u2013 No tocante aos latroc\u00ednios, roubos que resultam em morte, a Para\u00edba foi apontada no Anu\u00e1rio Brasileiro da Seguran\u00e7a P\u00fablica 2018 com uma taxa de 0,94 por 100 mil em 2017, o que significa a menor taxa do Nordeste e a s\u00e9tima menor de todo o pa\u00eds.<\/p>\n<p>Letalidade policial \u2013 O n\u00famero de mortes decorrentes de confronto de policiais, em servi\u00e7o ou n\u00e3o, com criminosos armados, foi proporcionalmente o quarto menor do pa\u00eds, e o menor de todo o Norte\/Nordeste, com 30 casos ocorridos em 2017 em n\u00fameros absolutos.<\/p>\n<p>Investimentos \u2013 Em rela\u00e7\u00e3o aos gastos com Seguran\u00e7a P\u00fablica por parte do Governo do Estado, o estudo revela que a Para\u00edba teve uma despesa geral de mais de R$ 1,1 bilh\u00e3o no ano de 2017 (R$ 1.166.974.974,54), o que representa uma participa\u00e7\u00e3o de 12,1% entre os gastos totais, o que coloca o Estado entre as quatro unidades da federa\u00e7\u00e3o que mais investem em Seguran\u00e7a, proporcionalmente, ao lado do Rio de Janeiro (14,1%), Alagoas (12,7%) e Goi\u00e1s (12,1%).<\/p>\n<p>&nbsp;<\/p>\n<p><strong>Para\u00edba Mix\/Foto: Reprodu\u00e7\u00e3o\u00a0<\/strong><\/p>\n<p>Cariri Em A\u00e7\u00e3o<\/p>\n<p>Leia mais not\u00edcias em\u00a0<a href=\"http:\/\/www.caririemacao.com\/\">caririemacao.com<\/a>, siga nossa p\u00e1gina no\u00a0<a href=\"https:\/\/www.facebook.com\/CaririEmAcao\/?ref=aymt_homepage_panel\">Facebook<\/a>,\u00a0<a href=\"https:\/\/www.instagram.com\/cariri_em_acao\/?hl=pt-br\">Instagram<\/a>\u00a0e\u00a0<a href=\"https:\/\/www.youtube.com\/channel\/UCAptA0jQuYQy8vMhLt2m4qg\">Youtube<\/a>\u00a0e veja nossas mat\u00e9rias, v\u00eddeos e fotos. Voc\u00ea tamb\u00e9m pode enviar informa\u00e7\u00f5es \u00e0 Reda\u00e7\u00e3o do Portal Cariri em A\u00e7\u00e3o pelo WhatsApp (83) 9 9634.5791, (83) 9 9601-1162.<\/p>\n","protected":false},"excerpt":{"rendered":"<p>A taxa de mortes violentas intencionais na Para\u00edba apresentou uma redu\u00e7\u00e3o de 3,5% em 2017 em rela\u00e7\u00e3o ao ano de 2016, passando de 33,1 mortes&hellip; <\/p>\n","protected":false},"author":1,"featured_media":45380,"comment_status":"closed","ping_status":"closed","sticky":false,"template":"","format":"standard","meta":{"sfsi_plus_gutenberg_text_before_share":"","sfsi_plus_gutenberg_show_text_before_share":"","sfsi_plus_gutenberg_icon_type":"","sfsi_plus_gutenberg_icon_alignemt":"","sfsi_plus_gutenburg_max_per_row":"","footnotes":""},"categories":[2],"tags":[],"class_list":["post-60877","post","type-post","status-publish","format-standard","has-post-thumbnail","hentry","category-geral"],"_links":{"self":[{"href":"https:\/\/www.caririemacao.com\/1\/wp-json\/wp\/v2\/posts\/60877","targetHints":{"allow":["GET"]}}],"collection":[{"href":"https:\/\/www.caririemacao.com\/1\/wp-json\/wp\/v2\/posts"}],"about":[{"href":"https:\/\/www.caririemacao.com\/1\/wp-json\/wp\/v2\/types\/post"}],"author":[{"embeddable":true,"href":"https:\/\/www.caririemacao.com\/1\/wp-json\/wp\/v2\/users\/1"}],"replies":[{"embeddable":true,"href":"https:\/\/www.caririemacao.com\/1\/wp-json\/wp\/v2\/comments?post=60877"}],"version-history":[{"count":1,"href":"https:\/\/www.caririemacao.com\/1\/wp-json\/wp\/v2\/posts\/60877\/revisions"}],"predecessor-version":[{"id":60878,"href":"https:\/\/www.caririemacao.com\/1\/wp-json\/wp\/v2\/posts\/60877\/revisions\/60878"}],"wp:featuredmedia":[{"embeddable":true,"href":"https:\/\/www.caririemacao.com\/1\/wp-json\/wp\/v2\/media\/45380"}],"wp:attachment":[{"href":"https:\/\/www.caririemacao.com\/1\/wp-json\/wp\/v2\/media?parent=60877"}],"wp:term":[{"taxonomy":"category","embeddable":true,"href":"https:\/\/www.caririemacao.com\/1\/wp-json\/wp\/v2\/categories?post=60877"},{"taxonomy":"post_tag","embeddable":true,"href":"https:\/\/www.caririemacao.com\/1\/wp-json\/wp\/v2\/tags?post=60877"}],"curies":[{"name":"wp","href":"https:\/\/api.w.org\/{rel}","templated":true}]}}