{"id":60879,"date":"2018-08-10T18:20:58","date_gmt":"2018-08-10T21:20:58","guid":{"rendered":"http:\/\/caririemacao.com\/1\/?p=60879"},"modified":"2018-08-10T18:20:58","modified_gmt":"2018-08-10T21:20:58","slug":"helicoptero-da-pm-cai-com-governador","status":"publish","type":"post","link":"https:\/\/www.caririemacao.com\/1\/2018\/08\/10\/helicoptero-da-pm-cai-com-governador\/","title":{"rendered":"Helic\u00f3ptero da PM cai com governador"},"content":{"rendered":"<p><span class=\"news_capital_letter\">U<\/span>m helic\u00f3ptero da Pol\u00edcia Militar caiu na tarde desta sexta-feira(10), com o governador do Esp\u00edrito Santo e mais quatro policiais militares \u00e0 bordo no munic\u00edpio de Domingos Martins, regi\u00e3o Serrana do Esp\u00edrito Santo.<\/p>\n<p>Segundo informa\u00e7\u00f5es, o Governador Paulo Hartung e os quatro militares que estavam na aeronave passam bem, conforme relatou tamb\u00e9m a 6\u00ba Companhia Independente, autoridade respons\u00e1vel pelo policiamento da regi\u00e3o.<\/p>\n<p>A assessoria de imprensa do governador afirmou que durante o pouso, realizado em um campo de futebol, a aeronave acabou batendo em uma das traves do campo e caiu.<\/p>\n<p>Paulo Hartung estava viajando com destino \u00e0 Domingos Martins, para participar em um festival de cinema.<\/p>\n<p>&nbsp;<\/p>\n<p><strong>Not\u00edcias ao Minuto\/Foto: Reprodu\u00e7\u00e3o\u00a0<\/strong><\/p>\n<p>Cariri Em A\u00e7\u00e3o<\/p>\n<p>Leia mais not\u00edcias em\u00a0<a href=\"http:\/\/www.caririemacao.com\/\">caririemacao.com<\/a>, siga nossa p\u00e1gina no\u00a0<a href=\"https:\/\/www.facebook.com\/CaririEmAcao\/?ref=aymt_homepage_panel\">Facebook<\/a>,\u00a0<a href=\"https:\/\/www.instagram.com\/cariri_em_acao\/?hl=pt-br\">Instagram<\/a>\u00a0e\u00a0<a href=\"https:\/\/www.youtube.com\/channel\/UCAptA0jQuYQy8vMhLt2m4qg\">Youtube<\/a>\u00a0e veja nossas mat\u00e9rias, v\u00eddeos e fotos. Voc\u00ea tamb\u00e9m pode enviar informa\u00e7\u00f5es \u00e0 Reda\u00e7\u00e3o do Portal Cariri em A\u00e7\u00e3o pelo WhatsApp (83) 9 9634.5791, (83) 9 9601-1162.<\/p>\n<p>&nbsp;<\/p>\n","protected":false},"excerpt":{"rendered":"<p>Um helic\u00f3ptero da Pol\u00edcia Militar caiu na tarde desta sexta-feira(10), com o governador do Esp\u00edrito Santo e mais quatro policiais militares \u00e0 bordo no munic\u00edpio&hellip; <\/p>\n","protected":false},"author":1,"featured_media":38670,"comment_status":"closed","ping_status":"closed","sticky":false,"template":"","format":"standard","meta":{"sfsi_plus_gutenberg_text_before_share":"","sfsi_plus_gutenberg_show_text_before_share":"","sfsi_plus_gutenberg_icon_type":"","sfsi_plus_gutenberg_icon_alignemt":"","sfsi_plus_gutenburg_max_per_row":"","footnotes":""},"categories":[11],"tags":[],"class_list":["post-60879","post","type-post","status-publish","format-standard","has-post-thumbnail","hentry","category-politica"],"_links":{"self":[{"href":"https:\/\/www.caririemacao.com\/1\/wp-json\/wp\/v2\/posts\/60879","targetHints":{"allow":["GET"]}}],"collection":[{"href":"https:\/\/www.caririemacao.com\/1\/wp-json\/wp\/v2\/posts"}],"about":[{"href":"https:\/\/www.caririemacao.com\/1\/wp-json\/wp\/v2\/types\/post"}],"author":[{"embeddable":true,"href":"https:\/\/www.caririemacao.com\/1\/wp-json\/wp\/v2\/users\/1"}],"replies":[{"embeddable":true,"href":"https:\/\/www.caririemacao.com\/1\/wp-json\/wp\/v2\/comments?post=60879"}],"version-history":[{"count":1,"href":"https:\/\/www.caririemacao.com\/1\/wp-json\/wp\/v2\/posts\/60879\/revisions"}],"predecessor-version":[{"id":60880,"href":"https:\/\/www.caririemacao.com\/1\/wp-json\/wp\/v2\/posts\/60879\/revisions\/60880"}],"wp:featuredmedia":[{"embeddable":true,"href":"https:\/\/www.caririemacao.com\/1\/wp-json\/wp\/v2\/media\/38670"}],"wp:attachment":[{"href":"https:\/\/www.caririemacao.com\/1\/wp-json\/wp\/v2\/media?parent=60879"}],"wp:term":[{"taxonomy":"category","embeddable":true,"href":"https:\/\/www.caririemacao.com\/1\/wp-json\/wp\/v2\/categories?post=60879"},{"taxonomy":"post_tag","embeddable":true,"href":"https:\/\/www.caririemacao.com\/1\/wp-json\/wp\/v2\/tags?post=60879"}],"curies":[{"name":"wp","href":"https:\/\/api.w.org\/{rel}","templated":true}]}}