{"id":60894,"date":"2018-08-10T20:16:07","date_gmt":"2018-08-10T23:16:07","guid":{"rendered":"http:\/\/caririemacao.com\/1\/?p=60894"},"modified":"2018-08-10T20:16:07","modified_gmt":"2018-08-10T23:16:07","slug":"prefeitura-firma-parceria-com-a-secretaria-da-seguranca-e-defesa-social-e-inicia-instalacao-de-torre-de-comunicacao","status":"publish","type":"post","link":"https:\/\/www.caririemacao.com\/1\/2018\/08\/10\/prefeitura-firma-parceria-com-a-secretaria-da-seguranca-e-defesa-social-e-inicia-instalacao-de-torre-de-comunicacao\/","title":{"rendered":"Prefeitura firma parceria com a Secretaria da Seguran\u00e7a e defesa social e inicia instala\u00e7\u00e3o de torre de comunica\u00e7\u00e3o"},"content":{"rendered":"<div>A Prefeitura Municipal de Cara\u00fabas atrav\u00e9s da Secretaria da Administra\u00e7\u00e3o firmou parceria com o Governo do Estado da Para\u00edba por interm\u00e9dio da Secretaria de Estado da Seguran\u00e7a e Defesa Social com o objetivo de instala\u00e7\u00e3o de 01 (uma) Esta\u00e7\u00e3o de R\u00e1dio Base-ERB da Secretaria de Estado e da Defesa Social.<\/div>\n<div>De acordo com o secret\u00e1rio da Administra\u00e7\u00e3o, Nelson Honorato, a implanta\u00e7\u00e3o desta torre ir\u00e1 possibilitar o melhoramento na realiza\u00e7\u00e3o do trabalho de comunica\u00e7\u00e3o das pol\u00edcias civil e militar no combate ao crime, assaltos e a viol\u00eancia. Gra\u00e7as a preocupa\u00e7\u00e3o e o empenho do prefeito Silvano Dudu foi poss\u00edvel viabilizar esta parceria que ir\u00e1 facilitar o trabalho da Seguran\u00e7a P\u00fablica da nossa regi\u00e3o, disse o secret\u00e1rio.<\/div>\n<div><\/div>\n<div>O prefeito Silvano Dudu autorizou o direito de uso de uma \u00e1rea p\u00fablica do munic\u00edpio, medindo cento e vinte metros quadrados de \u00e1rea localizado a Rua Severino Izidorio de Amorim onde funciona hoje o matadouro p\u00fablico municipal para instala\u00e7\u00e3o da antena com a esta\u00e7\u00e3o de r\u00e1dio base.<\/div>\n<div>Essa \u00e9 mais uma a\u00e7\u00e3o em parceria com o Governo do Estado da Para\u00edba para combater o tr\u00e1fico de drogas, de armas, assaltos, enfim, estamos dando nossa contribui\u00e7\u00e3o para a Seguran\u00e7a P\u00fablica n\u00e3o s\u00f3 de Cara\u00fabas, mas principalmente, de todo cariri paraibano que contar\u00e1 em breve com mais uma ferramenta\/instrumento de combate a viol\u00eancia, declarou o prefeito.<\/div>\n<div>Ainda de acordo com o secret\u00e1rio, Nelson Honorato, a torre dever\u00e1 entrar em funcionamento, caso n\u00e3o ocorra atrasos em sua edifica\u00e7\u00e3o, ainda este ano. N\u00e3o haver\u00e1 qualquer descaracteriza\u00e7\u00e3o urban\u00edstica quanto \u00e0 \u00e1rea de equipamentos comunit\u00e1rios; \u00e9 vedada a outorga de subcess\u00e3o da \u00e1rea para terceiros, quaisquer que sejam os seus destinat\u00e1rios; \u00e9 compet\u00eancia do Estado da Para\u00edba, zelar pela preserva\u00e7\u00e3o do patrim\u00f4nio cedido, respondendo integralmente pela sua guarda e conserva\u00e7\u00e3o; a execu\u00e7\u00e3o da instala\u00e7\u00e3o fica condicionada \u00e0 obten\u00e7\u00e3o da competente licen\u00e7a exigida na legisla\u00e7\u00e3o em vigor.<\/div>\n<div><\/div>\n<div>O prazo da presente cess\u00e3o ser\u00e1 de 20 (vinte) anos, prorrog\u00e1veis por interesse das partes por id\u00eanticos per\u00edodos, sucessivamente, enquanto perdurar o interesse p\u00fablico do munic\u00edpio de Cara\u00fabas na coopera\u00e7\u00e3o, n\u00e3o gerando, por\u00e9m, qualquer direito adquirido do ESTADO DA PARA\u00cdBA para a continuidade da cess\u00e3o.<\/div>\n<div>\n<p><strong>Seplacom\/Foto:\u00a0Seplacom<\/strong><\/p>\n<p>Cariri Em A\u00e7\u00e3o<\/p>\n<p>Leia mais not\u00edcias em\u00a0<a href=\"http:\/\/www.caririemacao.com\/\">caririemacao.com<\/a>, siga nossa p\u00e1gina no\u00a0<a href=\"https:\/\/www.facebook.com\/CaririEmAcao\/?ref=aymt_homepage_panel\">Facebook<\/a>,\u00a0<a href=\"https:\/\/www.instagram.com\/cariri_em_acao\/?hl=pt-br\">Instagram<\/a>\u00a0e\u00a0<a href=\"https:\/\/www.youtube.com\/channel\/UCAptA0jQuYQy8vMhLt2m4qg\">Youtube<\/a>\u00a0e veja nossas mat\u00e9rias, v\u00eddeos e fotos. Voc\u00ea tamb\u00e9m pode enviar informa\u00e7\u00f5es \u00e0 Reda\u00e7\u00e3o do Portal Cariri em A\u00e7\u00e3o pelo WhatsApp (83) 9 9634.5791, (83) 9 9601-1162.<\/p>\n<\/div>\n","protected":false},"excerpt":{"rendered":"<p>A Prefeitura Municipal de Cara\u00fabas atrav\u00e9s da Secretaria da Administra\u00e7\u00e3o firmou parceria com o Governo do Estado da Para\u00edba por interm\u00e9dio da Secretaria de Estado&hellip; <\/p>\n","protected":false},"author":1,"featured_media":60895,"comment_status":"closed","ping_status":"closed","sticky":false,"template":"","format":"standard","meta":{"sfsi_plus_gutenberg_text_before_share":"","sfsi_plus_gutenberg_show_text_before_share":"","sfsi_plus_gutenberg_icon_type":"","sfsi_plus_gutenberg_icon_alignemt":"","sfsi_plus_gutenburg_max_per_row":"","footnotes":""},"categories":[2],"tags":[],"class_list":["post-60894","post","type-post","status-publish","format-standard","has-post-thumbnail","hentry","category-geral"],"_links":{"self":[{"href":"https:\/\/www.caririemacao.com\/1\/wp-json\/wp\/v2\/posts\/60894","targetHints":{"allow":["GET"]}}],"collection":[{"href":"https:\/\/www.caririemacao.com\/1\/wp-json\/wp\/v2\/posts"}],"about":[{"href":"https:\/\/www.caririemacao.com\/1\/wp-json\/wp\/v2\/types\/post"}],"author":[{"embeddable":true,"href":"https:\/\/www.caririemacao.com\/1\/wp-json\/wp\/v2\/users\/1"}],"replies":[{"embeddable":true,"href":"https:\/\/www.caririemacao.com\/1\/wp-json\/wp\/v2\/comments?post=60894"}],"version-history":[{"count":1,"href":"https:\/\/www.caririemacao.com\/1\/wp-json\/wp\/v2\/posts\/60894\/revisions"}],"predecessor-version":[{"id":60896,"href":"https:\/\/www.caririemacao.com\/1\/wp-json\/wp\/v2\/posts\/60894\/revisions\/60896"}],"wp:featuredmedia":[{"embeddable":true,"href":"https:\/\/www.caririemacao.com\/1\/wp-json\/wp\/v2\/media\/60895"}],"wp:attachment":[{"href":"https:\/\/www.caririemacao.com\/1\/wp-json\/wp\/v2\/media?parent=60894"}],"wp:term":[{"taxonomy":"category","embeddable":true,"href":"https:\/\/www.caririemacao.com\/1\/wp-json\/wp\/v2\/categories?post=60894"},{"taxonomy":"post_tag","embeddable":true,"href":"https:\/\/www.caririemacao.com\/1\/wp-json\/wp\/v2\/tags?post=60894"}],"curies":[{"name":"wp","href":"https:\/\/api.w.org\/{rel}","templated":true}]}}