{"id":60897,"date":"2018-08-10T20:20:17","date_gmt":"2018-08-10T23:20:17","guid":{"rendered":"http:\/\/caririemacao.com\/1\/?p=60897"},"modified":"2018-08-10T20:32:01","modified_gmt":"2018-08-10T23:32:01","slug":"secretaria-da-agricultura-de-caraubas-reune-criadores-de-cabras-para-iniciar-funcionamento-de-tanque-de-coleta-de-leite","status":"publish","type":"post","link":"https:\/\/www.caririemacao.com\/1\/2018\/08\/10\/secretaria-da-agricultura-de-caraubas-reune-criadores-de-cabras-para-iniciar-funcionamento-de-tanque-de-coleta-de-leite\/","title":{"rendered":"Secretaria da agricultura de Cara\u00fabas re\u00fane criadores de cabras para iniciar funcionamento de tanque de coleta de leite"},"content":{"rendered":"<div>A Prefeitura Municipal de Cara\u00fabas atrav\u00e9s da Secretaria da Agricultura reuniu na \u00faltima quarta-feira, dia 8, na sede do Centro de Apoio ao Produtor Rural, pr\u00e9dio sede da Agricultura do munic\u00edpio, dezenas de criadores de cabras de ra\u00e7as nativas leiteiras para iniciar a coleta de leite da produ\u00e7\u00e3o local com o ativamento do tanque de resfriamento.<\/div>\n<div>De acordo com o secret\u00e1rio da agricultura, Rone Feitoza, o munic\u00edpio disp\u00f5e de um tanque com capacidade para armazenar at\u00e9 1000 mil litros de leite, mas que nunca funcionou em virtude da falta de outros equipamentos necess\u00e1rios, bem como, pela falta de quantidade m\u00ednima de produtores para colocarem o leite no tanque.<\/div>\n<div>Fizemos um esfor\u00e7o em parceria com o escrit\u00f3rio local da EMATER e com a ajuda do nosso t\u00e9cnico, Genilson conseguimos implantar essa importante pol\u00edtica de desenvolvimento local. Mantivemos contato com a usina de leite GUBEL da cidade de Sum\u00e9 e firmamos compromisso de estruturarmos a unidade de coleta e distribui\u00e7\u00e3o de leite e mobilizarmos os produtores e criadores do munic\u00edpio para iniciarmos este trabalho, afirmou o secret\u00e1rio.<\/div>\n<div><\/div>\n<div>O prefeito Silvano Dudu autorizou a aquisi\u00e7\u00e3o dos equipamentos necess\u00e1rios a estrutura\u00e7\u00e3o da unidade local. Foram adquiridos: 10 baldes com capacidade de 50 litros cada, 01 balde graduado,\u00a0 acidimetros, peneiras, baldes de inox, pl\u00e1sticos, botas, lactodesimetro, proveta graduada e mangueiras de suc\u00e7\u00e3o, sendo investidos recursos pr\u00f3prios na ordem de aproximadamente R$ 5.000,00 (Cinco Mil Reais).<\/div>\n<div><\/div>\n<div>Precisamos somar esfor\u00e7os e diminuir a dist\u00e2ncia entre o Poder P\u00fablico e nossos criadores, facilitando o escoamento da nossa produ\u00e7\u00e3o e incentivando mais criadores a produzirem leite, uma das fontes de renda mais vi\u00e1veis da nossa caprinocultura, disse o prefeito.<\/div>\n<div>Segundo o IBGE, o munic\u00edpio de Cara\u00fabas ocupa a oitava coloca\u00e7\u00e3o no Estado em n\u00fameros de caprinos. Hoje o rebanho estimado s\u00e3o de mais de 30.000 animais.<\/div>\n<div>\n<p><strong>Seplacom\/Foto: Seplacom<\/strong><\/p>\n<p>Cariri Em A\u00e7\u00e3o<\/p>\n<p>Leia mais not\u00edcias em\u00a0<a href=\"http:\/\/www.caririemacao.com\/\">caririemacao.com<\/a>, siga nossa p\u00e1gina no\u00a0<a href=\"https:\/\/www.facebook.com\/CaririEmAcao\/?ref=aymt_homepage_panel\">Facebook<\/a>,\u00a0<a href=\"https:\/\/www.instagram.com\/cariri_em_acao\/?hl=pt-br\">Instagram<\/a>\u00a0e\u00a0<a href=\"https:\/\/www.youtube.com\/channel\/UCAptA0jQuYQy8vMhLt2m4qg\">Youtube<\/a>\u00a0e veja nossas mat\u00e9rias, v\u00eddeos e fotos. Voc\u00ea tamb\u00e9m pode enviar informa\u00e7\u00f5es \u00e0 Reda\u00e7\u00e3o do Portal Cariri em A\u00e7\u00e3o pelo WhatsApp (83) 9 9634.5791, (83) 9 9601-1162.<\/p>\n<\/div>\n","protected":false},"excerpt":{"rendered":"<p>A Prefeitura Municipal de Cara\u00fabas atrav\u00e9s da Secretaria da Agricultura reuniu na \u00faltima quarta-feira, dia 8, na sede do Centro de Apoio ao Produtor Rural,&hellip; <\/p>\n","protected":false},"author":1,"featured_media":60898,"comment_status":"closed","ping_status":"closed","sticky":false,"template":"","format":"standard","meta":{"sfsi_plus_gutenberg_text_before_share":"","sfsi_plus_gutenberg_show_text_before_share":"","sfsi_plus_gutenberg_icon_type":"","sfsi_plus_gutenberg_icon_alignemt":"","sfsi_plus_gutenburg_max_per_row":"","footnotes":""},"categories":[6],"tags":[],"class_list":["post-60897","post","type-post","status-publish","format-standard","has-post-thumbnail","hentry","category-cidades"],"_links":{"self":[{"href":"https:\/\/www.caririemacao.com\/1\/wp-json\/wp\/v2\/posts\/60897","targetHints":{"allow":["GET"]}}],"collection":[{"href":"https:\/\/www.caririemacao.com\/1\/wp-json\/wp\/v2\/posts"}],"about":[{"href":"https:\/\/www.caririemacao.com\/1\/wp-json\/wp\/v2\/types\/post"}],"author":[{"embeddable":true,"href":"https:\/\/www.caririemacao.com\/1\/wp-json\/wp\/v2\/users\/1"}],"replies":[{"embeddable":true,"href":"https:\/\/www.caririemacao.com\/1\/wp-json\/wp\/v2\/comments?post=60897"}],"version-history":[{"count":1,"href":"https:\/\/www.caririemacao.com\/1\/wp-json\/wp\/v2\/posts\/60897\/revisions"}],"predecessor-version":[{"id":60899,"href":"https:\/\/www.caririemacao.com\/1\/wp-json\/wp\/v2\/posts\/60897\/revisions\/60899"}],"wp:featuredmedia":[{"embeddable":true,"href":"https:\/\/www.caririemacao.com\/1\/wp-json\/wp\/v2\/media\/60898"}],"wp:attachment":[{"href":"https:\/\/www.caririemacao.com\/1\/wp-json\/wp\/v2\/media?parent=60897"}],"wp:term":[{"taxonomy":"category","embeddable":true,"href":"https:\/\/www.caririemacao.com\/1\/wp-json\/wp\/v2\/categories?post=60897"},{"taxonomy":"post_tag","embeddable":true,"href":"https:\/\/www.caririemacao.com\/1\/wp-json\/wp\/v2\/tags?post=60897"}],"curies":[{"name":"wp","href":"https:\/\/api.w.org\/{rel}","templated":true}]}}