{"id":60907,"date":"2018-08-10T20:56:54","date_gmt":"2018-08-10T23:56:54","guid":{"rendered":"http:\/\/caririemacao.com\/1\/?p=60907"},"modified":"2018-08-10T20:56:54","modified_gmt":"2018-08-10T23:56:54","slug":"governo-vai-propor-adiamento-de-reajuste-salarial-de-servidores","status":"publish","type":"post","link":"https:\/\/www.caririemacao.com\/1\/2018\/08\/10\/governo-vai-propor-adiamento-de-reajuste-salarial-de-servidores\/","title":{"rendered":"Governo vai propor adiamento de reajuste salarial de servidores"},"content":{"rendered":"<p>O Presidente Michel Temer vai encampar a recomenda\u00e7\u00e3o do Minist\u00e9rio do Planejamento segundo a qual n\u00e3o \u00e9 poss\u00edvel dar aumento salarial ao funcionalismo em 2019.<\/p>\n<p>A sugest\u00e3o de suspender o aumento, que beneficia diferentes categorias, foi levada ao presidente pelo ministro do Planejamento, Esteves Colnago. O Pal\u00e1cio do Planalto j\u00e1 recebeu a proposta, que dever\u00e1 ser transformada em Medida Provis\u00f3ria (MP).<\/p>\n<p>A medida ser\u00e1 enviada em breve ao Congresso. A decis\u00e3o final sobre o adiamento do reajuste para 2020 caber\u00e1 ao Legislativo.<\/p>\n<p>Com o or\u00e7amento apertado, o governo sustenta que haver\u00e1 cortes bilion\u00e1rios nos programas sociais no ano que vem se n\u00e3o houver a suspens\u00e3o do aumento, previsto para ser pago em janeiro, quando o novo presidente j\u00e1 ter\u00e1 assumido o cargo.<\/p>\n<p>A medida acarretaria uma economia de at\u00e9 R$ 11 bilh\u00f5es no or\u00e7amento de 2019, considerando todos os servidores, entre civis e militares. Se o reajuste for adiado apenas para os civis, o impacto seria de R$ 6,9 bilh\u00f5es, informou o Planejamento.<\/p>\n<p><img decoding=\"async\" class=\"alignnone size-medium wp-image-90707 lazyload\" data-src=\"https:\/\/paraibaonline.com.br\/wp-content\/uploads\/2016\/09\/esplanada-ministerios_geraldo-magela_agsenado-556x417.jpg\" data-srcset=\"https:\/\/paraibaonline.com.br\/wp-content\/uploads\/2016\/09\/esplanada-ministerios_geraldo-magela_agsenado-556x417.jpg 556w, https:\/\/paraibaonline.com.br\/wp-content\/uploads\/2016\/09\/esplanada-ministerios_geraldo-magela_agsenado.jpg 800w\" alt=\"\" src=\"data:image\/svg+xml;base64,PHN2ZyB3aWR0aD0iMSIgaGVpZ2h0PSIxIiB4bWxucz0iaHR0cDovL3d3dy53My5vcmcvMjAwMC9zdmciPjwvc3ZnPg==\" style=\"--smush-placeholder-width: 556px; --smush-placeholder-aspect-ratio: 556\/417;\" \/><\/p>\n<p>A previs\u00e3o \u00e9 que as despesas com pessoal da Uni\u00e3o em 2019, como sal\u00e1rios e encargos, seja de R$ 322 bilh\u00f5es. O ministro do Planejamento j\u00e1 informou, em entrevista recente, que, se o presidente concordasse com o adiamento do reajuste, uma proposi\u00e7\u00e3o deveria ser enviada ao Legislativo antes do projeto do Or\u00e7amento de 2019, conhecido como Lei Or\u00e7ament\u00e1ria Anual (LOA 2019). Conforme a legisla\u00e7\u00e3o, o governo precisa enviar at\u00e9 31 de agosto a pe\u00e7a or\u00e7ament\u00e1ria para o ano seguinte.<\/p>\n<p>Reajuste do Judici\u00e1rio<br \/>\nO governo tamb\u00e9m j\u00e1 decidiu que ir\u00e1 esperar o Congresso se posicionar sobre a proposta de aumento de 16% nos sal\u00e1rios do Judici\u00e1rio, apresentada nesta quinta-feira (9) pelo Supremo Tribunal Federal (STF). Conforme antecipou a Ag\u00eancia Brasil, o reajuste ir\u00e1 onerar a folha de pagamento do Executivo em R$ 243 milh\u00f5es.<\/p>\n<p>Se considerado o \u201cefeito cascata\u201d nos demais poderes e tamb\u00e9m nas unidades da Federa\u00e7\u00e3o, as despesas podem aumentar em at\u00e9 R$ 4 bilh\u00f5es, segundo proje\u00e7\u00f5es de t\u00e9cnicos da C\u00e2mara dos Deputados e do Senado Federal. Somente no Judici\u00e1rio, o impacto seria de R$ 717 milh\u00f5es ao ano. Nesta sexta-feira, o Minist\u00e9rio P\u00fablico Federal (MPF) tamb\u00e9m anunciou a mesma proposta de reajuste para procuradores.<\/p>\n<p>&nbsp;<\/p>\n<p><strong>Para\u00edba Online\/Foto: Reprodu\u00e7\u00e3o\u00a0<\/strong><\/p>\n<p>Cariri Em A\u00e7\u00e3o<\/p>\n<p>Leia mais not\u00edcias em\u00a0<a href=\"http:\/\/www.caririemacao.com\/\">caririemacao.com<\/a>, siga nossa p\u00e1gina no\u00a0<a href=\"https:\/\/www.facebook.com\/CaririEmAcao\/?ref=aymt_homepage_panel\">Facebook<\/a>,\u00a0<a href=\"https:\/\/www.instagram.com\/cariri_em_acao\/?hl=pt-br\">Instagram<\/a>\u00a0e\u00a0<a href=\"https:\/\/www.youtube.com\/channel\/UCAptA0jQuYQy8vMhLt2m4qg\">Youtube<\/a>\u00a0e veja nossas mat\u00e9rias, v\u00eddeos e fotos. Voc\u00ea tamb\u00e9m pode enviar informa\u00e7\u00f5es \u00e0 Reda\u00e7\u00e3o do Portal Cariri em A\u00e7\u00e3o pelo WhatsApp (83) 9 9634.5791, (83) 9 9601-1162.<\/p>\n","protected":false},"excerpt":{"rendered":"<p>O Presidente Michel Temer vai encampar a recomenda\u00e7\u00e3o do Minist\u00e9rio do Planejamento segundo a qual n\u00e3o \u00e9 poss\u00edvel dar aumento salarial ao funcionalismo em 2019.&hellip; <\/p>\n","protected":false},"author":1,"featured_media":13775,"comment_status":"closed","ping_status":"closed","sticky":false,"template":"","format":"standard","meta":{"sfsi_plus_gutenberg_text_before_share":"","sfsi_plus_gutenberg_show_text_before_share":"","sfsi_plus_gutenberg_icon_type":"","sfsi_plus_gutenberg_icon_alignemt":"","sfsi_plus_gutenburg_max_per_row":"","footnotes":""},"categories":[11],"tags":[],"class_list":["post-60907","post","type-post","status-publish","format-standard","has-post-thumbnail","hentry","category-politica"],"_links":{"self":[{"href":"https:\/\/www.caririemacao.com\/1\/wp-json\/wp\/v2\/posts\/60907","targetHints":{"allow":["GET"]}}],"collection":[{"href":"https:\/\/www.caririemacao.com\/1\/wp-json\/wp\/v2\/posts"}],"about":[{"href":"https:\/\/www.caririemacao.com\/1\/wp-json\/wp\/v2\/types\/post"}],"author":[{"embeddable":true,"href":"https:\/\/www.caririemacao.com\/1\/wp-json\/wp\/v2\/users\/1"}],"replies":[{"embeddable":true,"href":"https:\/\/www.caririemacao.com\/1\/wp-json\/wp\/v2\/comments?post=60907"}],"version-history":[{"count":1,"href":"https:\/\/www.caririemacao.com\/1\/wp-json\/wp\/v2\/posts\/60907\/revisions"}],"predecessor-version":[{"id":60908,"href":"https:\/\/www.caririemacao.com\/1\/wp-json\/wp\/v2\/posts\/60907\/revisions\/60908"}],"wp:featuredmedia":[{"embeddable":true,"href":"https:\/\/www.caririemacao.com\/1\/wp-json\/wp\/v2\/media\/13775"}],"wp:attachment":[{"href":"https:\/\/www.caririemacao.com\/1\/wp-json\/wp\/v2\/media?parent=60907"}],"wp:term":[{"taxonomy":"category","embeddable":true,"href":"https:\/\/www.caririemacao.com\/1\/wp-json\/wp\/v2\/categories?post=60907"},{"taxonomy":"post_tag","embeddable":true,"href":"https:\/\/www.caririemacao.com\/1\/wp-json\/wp\/v2\/tags?post=60907"}],"curies":[{"name":"wp","href":"https:\/\/api.w.org\/{rel}","templated":true}]}}