{"id":60911,"date":"2018-08-10T21:16:23","date_gmt":"2018-08-11T00:16:23","guid":{"rendered":"http:\/\/caririemacao.com\/1\/?p=60911"},"modified":"2018-08-10T21:16:23","modified_gmt":"2018-08-11T00:16:23","slug":"com-precos-mais-altos-venda-de-combustiveis-cai-6-no-primeiro-semestre-diz-ibge","status":"publish","type":"post","link":"https:\/\/www.caririemacao.com\/1\/2018\/08\/10\/com-precos-mais-altos-venda-de-combustiveis-cai-6-no-primeiro-semestre-diz-ibge\/","title":{"rendered":"Com pre\u00e7os mais altos, venda de combust\u00edveis cai 6% no primeiro semestre, diz IBGE"},"content":{"rendered":"<p>A venda de combust\u00edveis no Brasil caiu 6% no primeiro semestre de 2018, segundo dados divulgados nesta sexta-feira (10) pelo Instituto Brasileiro de Geografia Estat\u00edstica (IBGE). No entanto, a receita nominal com a venda desses produtos subiu 9,6% no mesmo per\u00edodo \u2013 acima da infla\u00e7\u00e3o no mesmo intervalo, de\u00a02,6% no acumulado do ano.<\/p>\n<div class=\"mc-column content-media content-media--normal  content-photo\" data-block-type=\"backstage-photo\" data-block-id=\"2\">\n<div class=\"content-media__container\">\n<div class=\"content-media__image-centered\">\n<div class=\"progressive-img can-open-lightbox\" data-min-size=\"1008x1172\" data-min-size-url=\"https:\/\/s2.glbimg.com\/VHcG0BwQEBPMXEZ3K3Iu1rG3hlA=\/0x0:650x756\/1008x0\/smart\/filters:strip_icc()\/i.s3.glbimg.com\/v1\/AUTH_59edd422c0c84a879bd37670ae4f538a\/internal_photos\/bs\/2018\/U\/4\/31pKg9TuePdLBMIvA5Dg\/preco-dos-combustiveis-nas-bombas-v2.png\" data-max-size=\"1600x1860\" data-max-size-url=\"https:\/\/s2.glbimg.com\/nFD8iPJkMm_VaBEiSxtIvNNIWRM=\/0x0:650x756\/1600x0\/smart\/filters:strip_icc()\/i.s3.glbimg.com\/v1\/AUTH_59edd422c0c84a879bd37670ae4f538a\/internal_photos\/bs\/2018\/U\/4\/31pKg9TuePdLBMIvA5Dg\/preco-dos-combustiveis-nas-bombas-v2.png\" data-media-index=\"0\"><picture><img decoding=\"async\" class=\"image content-media__image progressive-loaded\" title=\"Pre\u00e7os dos combust\u00edveis no primeiro semestre de 2018 (Foto: Rodrigo Cunha\/G1)\" src=\"https:\/\/s2.glbimg.com\/-Ma7h0UCm2ZD1SP7lAex0tGYgZM=\/0x0:650x756\/984x0\/smart\/filters:strip_icc()\/i.s3.glbimg.com\/v1\/AUTH_59edd422c0c84a879bd37670ae4f538a\/internal_photos\/bs\/2018\/U\/4\/31pKg9TuePdLBMIvA5Dg\/preco-dos-combustiveis-nas-bombas-v2.png\" alt=\"Pre\u00e7os dos combust\u00edveis no primeiro semestre de 2018 (Foto: Rodrigo Cunha\/G1)\" data-src=\"https:\/\/s2.glbimg.com\/-Ma7h0UCm2ZD1SP7lAex0tGYgZM=\/0x0:650x756\/984x0\/smart\/filters:strip_icc()\/i.s3.glbimg.com\/v1\/AUTH_59edd422c0c84a879bd37670ae4f538a\/internal_photos\/bs\/2018\/U\/4\/31pKg9TuePdLBMIvA5Dg\/preco-dos-combustiveis-nas-bombas-v2.png\" \/><\/picture><\/div>\n<\/div>\n<div class=\"content-media__description-centered \">\n<p class=\"content-media__description\"><i class=\"content-media__description__icon theme-color-primary\"><\/i><span class=\"content-media__description__caption\">Pre\u00e7os dos combust\u00edveis no primeiro semestre de 2018 (Foto: Rodrigo Cunha\/G1)<\/span><\/p>\n<\/div>\n<\/div>\n<\/div>\n<div class=\"mc-column content-text active-extra-styles \" data-block-type=\"unstyled\" data-block-weight=\"46\" data-block-id=\"3\">\n<p class=\"content-text__container \" data-track-category=\"Link no Texto\" data-track-links=\"\">Os dados fazem parte da Pesquisa Mensal de Com\u00e9rcio (PMC). \u201cA venda de combust\u00edveis j\u00e1 vinha num ritmo de queda, porque \u00e9 uma atividade que vem numa trajet\u00f3ria crescente de aumento de pre\u00e7os\u201d, disse a gerente da Coordena\u00e7\u00e3o de Servi\u00e7os e Com\u00e9rcio do IBGE, Isabella Nunes.<\/p>\n<\/div>\n<div class=\"mc-column content-text active-extra-styles \" data-block-type=\"unstyled\" data-block-weight=\"88\" data-block-id=\"4\">\n<p class=\"content-text__container \" data-track-category=\"Link no Texto\" data-track-links=\"\">Em julho, o IBGE divulgou que o pre\u00e7o dos combust\u00edveis subiu 10,46% nos primeiros seis meses do ano. Dados coletados semanalmente pela Ag\u00eancia Nacional do Petr\u00f3leo, do G\u00e1s Natural e dos Biocombust\u00edveis (ANP) indicam que esse avan\u00e7o foi puxado pelo valor da gasolina, que subiu bem mais que o do diesel, enquanto o do etanol caiu. Segundo os dados da ANP, o pre\u00e7o m\u00e9dio da gasolina para o consumidor final subiu 10%, enquanto o do diesel avan\u00e7ou 1,9%. J\u00e1 o pre\u00e7o do etanol caiu 1% no primeiro semestre.<\/p>\n<\/div>\n<p data-track-category=\"Link no Texto\" data-track-links=\"\">\n<p data-track-category=\"Link no Texto\" data-track-links=\"\"><strong>G1\/Foto: Reprodu\u00e7\u00e3o\u00a0<\/strong><\/p>\n<p>Cariri Em A\u00e7\u00e3o<\/p>\n<p>Leia mais not\u00edcias em\u00a0<a href=\"http:\/\/www.caririemacao.com\/\">caririemacao.com<\/a>, siga nossa p\u00e1gina no\u00a0<a href=\"https:\/\/www.facebook.com\/CaririEmAcao\/?ref=aymt_homepage_panel\">Facebook<\/a>,\u00a0<a href=\"https:\/\/www.instagram.com\/cariri_em_acao\/?hl=pt-br\">Instagram<\/a>\u00a0e\u00a0<a href=\"https:\/\/www.youtube.com\/channel\/UCAptA0jQuYQy8vMhLt2m4qg\">Youtube<\/a>\u00a0e veja nossas mat\u00e9rias, v\u00eddeos e fotos. Voc\u00ea tamb\u00e9m pode enviar informa\u00e7\u00f5es \u00e0 Reda\u00e7\u00e3o do Portal Cariri em A\u00e7\u00e3o pelo WhatsApp (83) 9 9634.5791, (83) 9 9601-1162.<\/p>\n<p data-track-category=\"Link no Texto\" data-track-links=\"\">\n<p>&nbsp;<\/p>\n","protected":false},"excerpt":{"rendered":"<p>A venda de combust\u00edveis no Brasil caiu 6% no primeiro semestre de 2018, segundo dados divulgados nesta sexta-feira (10) pelo Instituto Brasileiro de Geografia Estat\u00edstica&hellip; <\/p>\n","protected":false},"author":1,"featured_media":28205,"comment_status":"closed","ping_status":"closed","sticky":false,"template":"","format":"standard","meta":{"sfsi_plus_gutenberg_text_before_share":"","sfsi_plus_gutenberg_show_text_before_share":"","sfsi_plus_gutenberg_icon_type":"","sfsi_plus_gutenberg_icon_alignemt":"","sfsi_plus_gutenburg_max_per_row":"","footnotes":""},"categories":[2],"tags":[],"class_list":["post-60911","post","type-post","status-publish","format-standard","has-post-thumbnail","hentry","category-geral"],"_links":{"self":[{"href":"https:\/\/www.caririemacao.com\/1\/wp-json\/wp\/v2\/posts\/60911","targetHints":{"allow":["GET"]}}],"collection":[{"href":"https:\/\/www.caririemacao.com\/1\/wp-json\/wp\/v2\/posts"}],"about":[{"href":"https:\/\/www.caririemacao.com\/1\/wp-json\/wp\/v2\/types\/post"}],"author":[{"embeddable":true,"href":"https:\/\/www.caririemacao.com\/1\/wp-json\/wp\/v2\/users\/1"}],"replies":[{"embeddable":true,"href":"https:\/\/www.caririemacao.com\/1\/wp-json\/wp\/v2\/comments?post=60911"}],"version-history":[{"count":1,"href":"https:\/\/www.caririemacao.com\/1\/wp-json\/wp\/v2\/posts\/60911\/revisions"}],"predecessor-version":[{"id":60912,"href":"https:\/\/www.caririemacao.com\/1\/wp-json\/wp\/v2\/posts\/60911\/revisions\/60912"}],"wp:featuredmedia":[{"embeddable":true,"href":"https:\/\/www.caririemacao.com\/1\/wp-json\/wp\/v2\/media\/28205"}],"wp:attachment":[{"href":"https:\/\/www.caririemacao.com\/1\/wp-json\/wp\/v2\/media?parent=60911"}],"wp:term":[{"taxonomy":"category","embeddable":true,"href":"https:\/\/www.caririemacao.com\/1\/wp-json\/wp\/v2\/categories?post=60911"},{"taxonomy":"post_tag","embeddable":true,"href":"https:\/\/www.caririemacao.com\/1\/wp-json\/wp\/v2\/tags?post=60911"}],"curies":[{"name":"wp","href":"https:\/\/api.w.org\/{rel}","templated":true}]}}