{"id":60915,"date":"2018-08-10T21:30:24","date_gmt":"2018-08-11T00:30:24","guid":{"rendered":"http:\/\/caririemacao.com\/1\/?p=60915"},"modified":"2018-08-10T21:31:35","modified_gmt":"2018-08-11T00:31:35","slug":"mais-quatro-prefeitos-caririzeiros-declaram-apoio-a-luiz-couto-para-o-senado","status":"publish","type":"post","link":"https:\/\/www.caririemacao.com\/1\/2018\/08\/10\/mais-quatro-prefeitos-caririzeiros-declaram-apoio-a-luiz-couto-para-o-senado\/","title":{"rendered":"Mais quatro prefeitos caririzeiros declaram apoio a Luiz Couto para o Senado"},"content":{"rendered":"<div id=\"caminho\" class=\"section\">\n<div class=\"container\">\n<div class=\"row\">\n<div class=\"col-xs-12 col-sm-12 col-md-12\">\n<h2><\/h2>\n<\/div>\n<\/div>\n<\/div>\n<\/div>\n<div id=\"pagina\" class=\"section\">\n<div class=\"container\">\n<div class=\"row\">\n<div class=\"col-xs-12 col-sm-12 col-md-8\">\n<p><img fetchpriority=\"high\" decoding=\"async\" class=\"size-full wp-image-10508 aligncenter\" src=\"http:\/\/www.paraibamix.com.br\/wp-content\/uploads\/2017\/03\/luiz_couto.jpg\" sizes=\"(max-width: 536px) 100vw, 536px\" srcset=\"http:\/\/www.paraibamix.com.br\/wp-content\/uploads\/2017\/03\/luiz_couto.jpg 536w, http:\/\/www.paraibamix.com.br\/wp-content\/uploads\/2017\/03\/luiz_couto-150x134.jpg 150w, http:\/\/www.paraibamix.com.br\/wp-content\/uploads\/2017\/03\/luiz_couto-300x269.jpg 300w\" alt=\"\" width=\"536\" height=\"480\" \/><\/p>\n<p>A campanha do Padre Luiz Couto vem gerando uma onda de ades\u00f5es na regi\u00e3o do Cariri, s\u00f3 nesta sexta-feira (10) quatro prefeitos declararam apoio publicamente ao parlamentar caririzeiro que disputa uma vaga de senador.<\/p>\n<p>Os prefeitos Gilvado Limeira (DEM), Coxixola; J\u00fanior Quirino (PDT), Congo; Josa (PSB), Parari; e Eden Duarte (PSB), gestor de Sum\u00e9, destacaram a import\u00e2ncia de votar em Luiz Couto para continuar o trabalho na regi\u00e3o.<\/p>\n<p>\u201cPassamos por uma grande transforma\u00e7\u00e3o nos \u00faltimos anos, estamos vivenciando o Cariri ganhar o protagonismo no Estado, Ricardo foi fundamental nesse processo. Al\u00e9m dele, Luiz Couto tem sido um parceiro, algu\u00e9m que trabalha para todos, vamos reconhecer nas urnas\u201d, destacou Eden Duarte.<\/p>\n<p>J\u00e1 o prefeito de Parari, Josa (PSB), manifestou que deve votar em Couto para fortalecer parcerias. Um dos pleitos para o povo da cidade foi a amplia\u00e7\u00e3o do mercado p\u00fablico e que o parlamentar represente os interesses da cidade no Senado Federal.<\/p>\n<p>O processo de ades\u00f5es na regi\u00e3o deve ganhar novas not\u00edcias nos pr\u00f3ximos dias, existe uma intensa movimenta\u00e7\u00e3o de lideran\u00e7as para conduzir o padre para representar a Para\u00edba em Bras\u00edlia, em sua maioria, as justificativas destacam o trabalho rotineiro em defesa dos munic\u00edpios ao longo de todo per\u00edodo, muito al\u00e9m de quest\u00f5es eleitorais.<\/p>\n<\/div>\n<\/div>\n<\/div>\n<\/div>\n<p>&nbsp;<\/p>\n<p><strong>Para\u00edba Mix\/Foto: Reprodu\u00e7\u00e3o\u00a0<\/strong><\/p>\n<p>Cariri Em A\u00e7\u00e3o<\/p>\n<p>Leia mais not\u00edcias em\u00a0<a href=\"http:\/\/www.caririemacao.com\/\">caririemacao.com<\/a>, siga nossa p\u00e1gina no\u00a0<a href=\"https:\/\/www.facebook.com\/CaririEmAcao\/?ref=aymt_homepage_panel\">Facebook<\/a>,\u00a0<a href=\"https:\/\/www.instagram.com\/cariri_em_acao\/?hl=pt-br\">Instagram<\/a>\u00a0e\u00a0<a href=\"https:\/\/www.youtube.com\/channel\/UCAptA0jQuYQy8vMhLt2m4qg\">Youtube<\/a>\u00a0e veja nossas mat\u00e9rias, v\u00eddeos e fotos. Voc\u00ea tamb\u00e9m pode enviar informa\u00e7\u00f5es \u00e0 Reda\u00e7\u00e3o do Portal Cariri em A\u00e7\u00e3o pelo WhatsApp (83) 9 9634.5791, (83) 9 9601-1162.<\/p>\n","protected":false},"excerpt":{"rendered":"<p>A campanha do Padre Luiz Couto vem gerando uma onda de ades\u00f5es na regi\u00e3o do Cariri, s\u00f3 nesta sexta-feira (10) quatro prefeitos declararam apoio publicamente&hellip; <\/p>\n","protected":false},"author":1,"featured_media":38054,"comment_status":"closed","ping_status":"closed","sticky":false,"template":"","format":"standard","meta":{"sfsi_plus_gutenberg_text_before_share":"","sfsi_plus_gutenberg_show_text_before_share":"","sfsi_plus_gutenberg_icon_type":"","sfsi_plus_gutenberg_icon_alignemt":"","sfsi_plus_gutenburg_max_per_row":"","footnotes":""},"categories":[11],"tags":[],"class_list":["post-60915","post","type-post","status-publish","format-standard","has-post-thumbnail","hentry","category-politica"],"_links":{"self":[{"href":"https:\/\/www.caririemacao.com\/1\/wp-json\/wp\/v2\/posts\/60915","targetHints":{"allow":["GET"]}}],"collection":[{"href":"https:\/\/www.caririemacao.com\/1\/wp-json\/wp\/v2\/posts"}],"about":[{"href":"https:\/\/www.caririemacao.com\/1\/wp-json\/wp\/v2\/types\/post"}],"author":[{"embeddable":true,"href":"https:\/\/www.caririemacao.com\/1\/wp-json\/wp\/v2\/users\/1"}],"replies":[{"embeddable":true,"href":"https:\/\/www.caririemacao.com\/1\/wp-json\/wp\/v2\/comments?post=60915"}],"version-history":[{"count":2,"href":"https:\/\/www.caririemacao.com\/1\/wp-json\/wp\/v2\/posts\/60915\/revisions"}],"predecessor-version":[{"id":60917,"href":"https:\/\/www.caririemacao.com\/1\/wp-json\/wp\/v2\/posts\/60915\/revisions\/60917"}],"wp:featuredmedia":[{"embeddable":true,"href":"https:\/\/www.caririemacao.com\/1\/wp-json\/wp\/v2\/media\/38054"}],"wp:attachment":[{"href":"https:\/\/www.caririemacao.com\/1\/wp-json\/wp\/v2\/media?parent=60915"}],"wp:term":[{"taxonomy":"category","embeddable":true,"href":"https:\/\/www.caririemacao.com\/1\/wp-json\/wp\/v2\/categories?post=60915"},{"taxonomy":"post_tag","embeddable":true,"href":"https:\/\/www.caririemacao.com\/1\/wp-json\/wp\/v2\/tags?post=60915"}],"curies":[{"name":"wp","href":"https:\/\/api.w.org\/{rel}","templated":true}]}}