{"id":60923,"date":"2018-08-10T22:47:15","date_gmt":"2018-08-11T01:47:15","guid":{"rendered":"http:\/\/caririemacao.com\/1\/?p=60923"},"modified":"2018-08-10T22:47:15","modified_gmt":"2018-08-11T01:47:15","slug":"prefeitura-de-sume-realiza-encontro-de-formacao-para-apresentar-metodologia-do-programa-busca-ativa-escolar-2","status":"publish","type":"post","link":"https:\/\/www.caririemacao.com\/1\/2018\/08\/10\/prefeitura-de-sume-realiza-encontro-de-formacao-para-apresentar-metodologia-do-programa-busca-ativa-escolar-2\/","title":{"rendered":"Prefeitura de Sum\u00e9 realiza encontro de forma\u00e7\u00e3o para apresentar metodologia do Programa Busca Ativa Escolar"},"content":{"rendered":"<p>A Secretaria da Educa\u00e7\u00e3o de Sum\u00e9 realizou nesta quarta-feira (08\/08) o 1\u00ba Encontro de Forma\u00e7\u00e3o Intersetorial da Busca Ativa Escolar para a apresenta\u00e7\u00e3o da metodologia social e da ferramenta tecnol\u00f3gica.<\/p>\n<p>A Prefeitura Municipal de Sum\u00e9 fez a ades\u00e3o, e a Secretaria da Educa\u00e7\u00e3o deu in\u00edcio ao trabalho de mobiliza\u00e7\u00e3o junto \u00e0s demais Secretarias Municipais contando com as presen\u00e7as de representantes de v\u00e1rios segmentos da Educa\u00e7\u00e3o, Assist\u00eancia Social, Sa\u00fade, Obras e servi\u00e7os Urbanos.<\/p>\n<p>O UNICEF, em parceria com a Uni\u00e3o Nacional dos Dirigentes Municipais de Educa\u00e7\u00e3o (Undime), o Colegiado Nacional de Gestores Municipais de Assist\u00eancia Social (Congemas) e o Instituto TIM, desenvolveram a Busca Ativa Escolar que \u00e9 uma metodologia social e uma ferramenta tecnol\u00f3gica gratuitas, que permitem ao poder p\u00fablico identificar crian\u00e7as e adolescentes fora da escola e acionar diferentes \u00e1reas para garantir que consigam se matricular e permanecer na escola.<\/p>\n<p>Essa metodologia social contribuir\u00e1 tamb\u00e9m para atender o que determina os Planos Nacional e Municipal de Educa\u00e7\u00e3o quanto ao cumprimento das metas e as suas estrat\u00e9gias.<\/p>\n<p>O pr\u00f3ximo passo ser\u00e1 constituir o Comit\u00ea Gestor que abranger\u00e1 al\u00e9m das Secretarias municipais, outras institui\u00e7\u00f5es e \/ ou organiza\u00e7\u00f5es da sociedade civil ligadas direta ou indiretamente ao campo da inf\u00e2ncia e adolesc\u00eancia no munic\u00edpio.<\/p>\n<p>Ascom\/PMS<\/p>\n","protected":false},"excerpt":{"rendered":"<p>A Secretaria da Educa\u00e7\u00e3o de Sum\u00e9 realizou nesta quarta-feira (08\/08) o 1\u00ba Encontro de Forma\u00e7\u00e3o Intersetorial da Busca Ativa Escolar para a apresenta\u00e7\u00e3o da metodologia&hellip; <\/p>\n","protected":false},"author":2,"featured_media":60924,"comment_status":"closed","ping_status":"closed","sticky":false,"template":"","format":"standard","meta":{"sfsi_plus_gutenberg_text_before_share":"","sfsi_plus_gutenberg_show_text_before_share":"","sfsi_plus_gutenberg_icon_type":"","sfsi_plus_gutenberg_icon_alignemt":"","sfsi_plus_gutenburg_max_per_row":"","footnotes":""},"categories":[14],"tags":[],"class_list":["post-60923","post","type-post","status-publish","format-standard","has-post-thumbnail","hentry","category-educacao"],"_links":{"self":[{"href":"https:\/\/www.caririemacao.com\/1\/wp-json\/wp\/v2\/posts\/60923","targetHints":{"allow":["GET"]}}],"collection":[{"href":"https:\/\/www.caririemacao.com\/1\/wp-json\/wp\/v2\/posts"}],"about":[{"href":"https:\/\/www.caririemacao.com\/1\/wp-json\/wp\/v2\/types\/post"}],"author":[{"embeddable":true,"href":"https:\/\/www.caririemacao.com\/1\/wp-json\/wp\/v2\/users\/2"}],"replies":[{"embeddable":true,"href":"https:\/\/www.caririemacao.com\/1\/wp-json\/wp\/v2\/comments?post=60923"}],"version-history":[{"count":1,"href":"https:\/\/www.caririemacao.com\/1\/wp-json\/wp\/v2\/posts\/60923\/revisions"}],"predecessor-version":[{"id":60925,"href":"https:\/\/www.caririemacao.com\/1\/wp-json\/wp\/v2\/posts\/60923\/revisions\/60925"}],"wp:featuredmedia":[{"embeddable":true,"href":"https:\/\/www.caririemacao.com\/1\/wp-json\/wp\/v2\/media\/60924"}],"wp:attachment":[{"href":"https:\/\/www.caririemacao.com\/1\/wp-json\/wp\/v2\/media?parent=60923"}],"wp:term":[{"taxonomy":"category","embeddable":true,"href":"https:\/\/www.caririemacao.com\/1\/wp-json\/wp\/v2\/categories?post=60923"},{"taxonomy":"post_tag","embeddable":true,"href":"https:\/\/www.caririemacao.com\/1\/wp-json\/wp\/v2\/tags?post=60923"}],"curies":[{"name":"wp","href":"https:\/\/api.w.org\/{rel}","templated":true}]}}