{"id":60926,"date":"2018-08-10T23:01:33","date_gmt":"2018-08-11T02:01:33","guid":{"rendered":"http:\/\/caririemacao.com\/1\/?p=60926"},"modified":"2018-08-10T23:17:36","modified_gmt":"2018-08-11T02:17:36","slug":"sume-promove-forum-do-selo-unicef","status":"publish","type":"post","link":"https:\/\/www.caririemacao.com\/1\/2018\/08\/10\/sume-promove-forum-do-selo-unicef\/","title":{"rendered":"Sum\u00e9 promove F\u00f3rum sobre o Selo Unicef"},"content":{"rendered":"<p>A cidade de Sum\u00e9 realizou o primeiro F\u00f3rum Comunit\u00e1rio do Selo Unicef para debater a\u00e7\u00f5es em prol das crian\u00e7as e adolescentes. O evento aconteceu nesta sexta-feira (10\/08), na C\u00e2mara de Vereadores do munic\u00edpio.\u00a0O f\u00f3rum objetivou tra\u00e7ar metas para que o munic\u00edpio de Sum\u00e9 conquiste o Selo Unicef Edi\u00e7\u00e3o 2017-2020.<\/p>\n<p><img fetchpriority=\"high\" decoding=\"async\" class=\"alignnone size-full wp-image-60928\" src=\"http:\/\/caririemacao.com\/1\/wp-content\/uploads\/2018\/08\/DSC_0137.jpg\" alt=\"\" width=\"1024\" height=\"683\" srcset=\"https:\/\/www.caririemacao.com\/1\/wp-content\/uploads\/2018\/08\/DSC_0137.jpg 1024w, https:\/\/www.caririemacao.com\/1\/wp-content\/uploads\/2018\/08\/DSC_0137-300x200.jpg 300w, https:\/\/www.caririemacao.com\/1\/wp-content\/uploads\/2018\/08\/DSC_0137-768x512.jpg 768w\" sizes=\"(max-width: 1024px) 100vw, 1024px\" \/><\/p>\n<p>Durante a programa\u00e7\u00e3o do F\u00f3rum foram realizadas apresenta\u00e7\u00f5es culturais, apresenta\u00e7\u00e3o da metodologia do Selo, do Diagn\u00f3stico da situa\u00e7\u00e3o das crian\u00e7as e adolescentes do munic\u00edpio de Sum\u00e9 e da proposta de A\u00e7\u00e3o do N\u00facleo de cidadania da crian\u00e7a e do Adolescente (Nuca).<\/p>\n<p><img decoding=\"async\" class=\"alignnone size-full wp-image-60936 lazyload\" data-src=\"http:\/\/caririemacao.com\/1\/wp-content\/uploads\/2018\/08\/DSC_0039.jpg\" alt=\"\" width=\"1024\" height=\"683\" data-srcset=\"https:\/\/www.caririemacao.com\/1\/wp-content\/uploads\/2018\/08\/DSC_0039.jpg 1024w, https:\/\/www.caririemacao.com\/1\/wp-content\/uploads\/2018\/08\/DSC_0039-300x200.jpg 300w, https:\/\/www.caririemacao.com\/1\/wp-content\/uploads\/2018\/08\/DSC_0039-768x512.jpg 768w\" data-sizes=\"(max-width: 1024px) 100vw, 1024px\" src=\"data:image\/svg+xml;base64,PHN2ZyB3aWR0aD0iMSIgaGVpZ2h0PSIxIiB4bWxucz0iaHR0cDovL3d3dy53My5vcmcvMjAwMC9zdmciPjwvc3ZnPg==\" style=\"--smush-placeholder-width: 1024px; --smush-placeholder-aspect-ratio: 1024\/683;\" \/><\/p>\n<p>O prefeito \u00c9den Duarte, o vice-prefeito Deocleciano Barbosa (Dr\u00f3), ex-prefeito Dr. Neto, secret\u00e1rios, vereadores, entidades e alunos de v\u00e1rias escolas contribu\u00edram para o sucesso do encontro que envolveu diversas secretarias e conselhos.<\/p>\n<p><img decoding=\"async\" class=\"alignnone size-full wp-image-60931 lazyload\" data-src=\"http:\/\/caririemacao.com\/1\/wp-content\/uploads\/2018\/08\/DSC_0083.jpg\" alt=\"\" width=\"1024\" height=\"683\" data-srcset=\"https:\/\/www.caririemacao.com\/1\/wp-content\/uploads\/2018\/08\/DSC_0083.jpg 1024w, https:\/\/www.caririemacao.com\/1\/wp-content\/uploads\/2018\/08\/DSC_0083-300x200.jpg 300w, https:\/\/www.caririemacao.com\/1\/wp-content\/uploads\/2018\/08\/DSC_0083-768x512.jpg 768w\" data-sizes=\"(max-width: 1024px) 100vw, 1024px\" src=\"data:image\/svg+xml;base64,PHN2ZyB3aWR0aD0iMSIgaGVpZ2h0PSIxIiB4bWxucz0iaHR0cDovL3d3dy53My5vcmcvMjAwMC9zdmciPjwvc3ZnPg==\" style=\"--smush-placeholder-width: 1024px; --smush-placeholder-aspect-ratio: 1024\/683;\" \/><\/p>\n<p>O Conselho Municipal dos Direitos da Crian\u00e7a e do Adolescente (CMDCA) juntamente com a Prefeitura municipal de Sum\u00e9 foram os respons\u00e1veis pela mobiliza\u00e7\u00e3o do I F\u00f3rum comunit\u00e1rio do Selo Unicef\u00a0(2017-2020).<\/p>\n<p><img decoding=\"async\" class=\"alignnone size-full wp-image-60927 lazyload\" data-src=\"http:\/\/caririemacao.com\/1\/wp-content\/uploads\/2018\/08\/DSC_0088.jpg\" alt=\"\" width=\"1024\" height=\"683\" data-srcset=\"https:\/\/www.caririemacao.com\/1\/wp-content\/uploads\/2018\/08\/DSC_0088.jpg 1024w, https:\/\/www.caririemacao.com\/1\/wp-content\/uploads\/2018\/08\/DSC_0088-300x200.jpg 300w, https:\/\/www.caririemacao.com\/1\/wp-content\/uploads\/2018\/08\/DSC_0088-768x512.jpg 768w\" data-sizes=\"(max-width: 1024px) 100vw, 1024px\" src=\"data:image\/svg+xml;base64,PHN2ZyB3aWR0aD0iMSIgaGVpZ2h0PSIxIiB4bWxucz0iaHR0cDovL3d3dy53My5vcmcvMjAwMC9zdmciPjwvc3ZnPg==\" style=\"--smush-placeholder-width: 1024px; --smush-placeholder-aspect-ratio: 1024\/683;\" \/><\/p>\n<p>Na ocasi\u00e3o, o prefeito \u00c9den refor\u00e7ou a relev\u00e2ncia da participa\u00e7\u00e3o de toda a sociedade neste espa\u00e7o de constru\u00e7\u00e3o de pol\u00edticas p\u00fablicas direcionadas as crian\u00e7as e adolescentes do munic\u00edpio de Sum\u00e9.<\/p>\n<p><a href=\"https:\/\/www.facebook.com\/pg\/CaririEmAcao\/photos\/?tab=album&amp;album_id=1328681203934566\">VEJA FOTOS DO EVENTO. CLIQUE AQUI.<\/a><\/p>\n<p><img decoding=\"async\" class=\"alignnone size-full wp-image-60930 lazyload\" data-src=\"http:\/\/caririemacao.com\/1\/wp-content\/uploads\/2018\/08\/DSC_0090.jpg\" alt=\"\" width=\"1024\" height=\"683\" data-srcset=\"https:\/\/www.caririemacao.com\/1\/wp-content\/uploads\/2018\/08\/DSC_0090.jpg 1024w, https:\/\/www.caririemacao.com\/1\/wp-content\/uploads\/2018\/08\/DSC_0090-300x200.jpg 300w, https:\/\/www.caririemacao.com\/1\/wp-content\/uploads\/2018\/08\/DSC_0090-768x512.jpg 768w\" data-sizes=\"(max-width: 1024px) 100vw, 1024px\" src=\"data:image\/svg+xml;base64,PHN2ZyB3aWR0aD0iMSIgaGVpZ2h0PSIxIiB4bWxucz0iaHR0cDovL3d3dy53My5vcmcvMjAwMC9zdmciPjwvc3ZnPg==\" style=\"--smush-placeholder-width: 1024px; --smush-placeholder-aspect-ratio: 1024\/683;\" \/> <img decoding=\"async\" class=\"alignnone size-full wp-image-60932 lazyload\" data-src=\"http:\/\/caririemacao.com\/1\/wp-content\/uploads\/2018\/08\/DSC_0075.jpg\" alt=\"\" width=\"1024\" height=\"683\" data-srcset=\"https:\/\/www.caririemacao.com\/1\/wp-content\/uploads\/2018\/08\/DSC_0075.jpg 1024w, https:\/\/www.caririemacao.com\/1\/wp-content\/uploads\/2018\/08\/DSC_0075-300x200.jpg 300w, https:\/\/www.caririemacao.com\/1\/wp-content\/uploads\/2018\/08\/DSC_0075-768x512.jpg 768w\" data-sizes=\"(max-width: 1024px) 100vw, 1024px\" src=\"data:image\/svg+xml;base64,PHN2ZyB3aWR0aD0iMSIgaGVpZ2h0PSIxIiB4bWxucz0iaHR0cDovL3d3dy53My5vcmcvMjAwMC9zdmciPjwvc3ZnPg==\" style=\"--smush-placeholder-width: 1024px; --smush-placeholder-aspect-ratio: 1024\/683;\" \/> <img decoding=\"async\" class=\"alignnone size-full wp-image-60933 lazyload\" data-src=\"http:\/\/caririemacao.com\/1\/wp-content\/uploads\/2018\/08\/DSC_0071.jpg\" alt=\"\" width=\"1024\" height=\"683\" data-srcset=\"https:\/\/www.caririemacao.com\/1\/wp-content\/uploads\/2018\/08\/DSC_0071.jpg 1024w, https:\/\/www.caririemacao.com\/1\/wp-content\/uploads\/2018\/08\/DSC_0071-300x200.jpg 300w, https:\/\/www.caririemacao.com\/1\/wp-content\/uploads\/2018\/08\/DSC_0071-768x512.jpg 768w\" data-sizes=\"(max-width: 1024px) 100vw, 1024px\" src=\"data:image\/svg+xml;base64,PHN2ZyB3aWR0aD0iMSIgaGVpZ2h0PSIxIiB4bWxucz0iaHR0cDovL3d3dy53My5vcmcvMjAwMC9zdmciPjwvc3ZnPg==\" style=\"--smush-placeholder-width: 1024px; --smush-placeholder-aspect-ratio: 1024\/683;\" \/> <img decoding=\"async\" class=\"alignnone size-full wp-image-60934 lazyload\" data-src=\"http:\/\/caririemacao.com\/1\/wp-content\/uploads\/2018\/08\/DSC_0059.jpg\" alt=\"\" width=\"1024\" height=\"683\" data-srcset=\"https:\/\/www.caririemacao.com\/1\/wp-content\/uploads\/2018\/08\/DSC_0059.jpg 1024w, https:\/\/www.caririemacao.com\/1\/wp-content\/uploads\/2018\/08\/DSC_0059-300x200.jpg 300w, https:\/\/www.caririemacao.com\/1\/wp-content\/uploads\/2018\/08\/DSC_0059-768x512.jpg 768w\" data-sizes=\"(max-width: 1024px) 100vw, 1024px\" src=\"data:image\/svg+xml;base64,PHN2ZyB3aWR0aD0iMSIgaGVpZ2h0PSIxIiB4bWxucz0iaHR0cDovL3d3dy53My5vcmcvMjAwMC9zdmciPjwvc3ZnPg==\" style=\"--smush-placeholder-width: 1024px; --smush-placeholder-aspect-ratio: 1024\/683;\" \/> <img decoding=\"async\" class=\"alignnone size-full wp-image-60935 lazyload\" data-src=\"http:\/\/caririemacao.com\/1\/wp-content\/uploads\/2018\/08\/DSC_0042.jpg\" alt=\"\" width=\"1024\" height=\"683\" data-srcset=\"https:\/\/www.caririemacao.com\/1\/wp-content\/uploads\/2018\/08\/DSC_0042.jpg 1024w, https:\/\/www.caririemacao.com\/1\/wp-content\/uploads\/2018\/08\/DSC_0042-300x200.jpg 300w, https:\/\/www.caririemacao.com\/1\/wp-content\/uploads\/2018\/08\/DSC_0042-768x512.jpg 768w\" data-sizes=\"(max-width: 1024px) 100vw, 1024px\" src=\"data:image\/svg+xml;base64,PHN2ZyB3aWR0aD0iMSIgaGVpZ2h0PSIxIiB4bWxucz0iaHR0cDovL3d3dy53My5vcmcvMjAwMC9zdmciPjwvc3ZnPg==\" style=\"--smush-placeholder-width: 1024px; --smush-placeholder-aspect-ratio: 1024\/683;\" \/><\/p>\n","protected":false},"excerpt":{"rendered":"<p>A cidade de Sum\u00e9 realizou o primeiro F\u00f3rum Comunit\u00e1rio do Selo Unicef para debater a\u00e7\u00f5es em prol das crian\u00e7as e adolescentes. O evento aconteceu nesta&hellip; <\/p>\n","protected":false},"author":2,"featured_media":60929,"comment_status":"closed","ping_status":"closed","sticky":false,"template":"","format":"standard","meta":{"sfsi_plus_gutenberg_text_before_share":"","sfsi_plus_gutenberg_show_text_before_share":"","sfsi_plus_gutenberg_icon_type":"","sfsi_plus_gutenberg_icon_alignemt":"","sfsi_plus_gutenburg_max_per_row":"","footnotes":""},"categories":[6],"tags":[],"class_list":["post-60926","post","type-post","status-publish","format-standard","has-post-thumbnail","hentry","category-cidades"],"_links":{"self":[{"href":"https:\/\/www.caririemacao.com\/1\/wp-json\/wp\/v2\/posts\/60926","targetHints":{"allow":["GET"]}}],"collection":[{"href":"https:\/\/www.caririemacao.com\/1\/wp-json\/wp\/v2\/posts"}],"about":[{"href":"https:\/\/www.caririemacao.com\/1\/wp-json\/wp\/v2\/types\/post"}],"author":[{"embeddable":true,"href":"https:\/\/www.caririemacao.com\/1\/wp-json\/wp\/v2\/users\/2"}],"replies":[{"embeddable":true,"href":"https:\/\/www.caririemacao.com\/1\/wp-json\/wp\/v2\/comments?post=60926"}],"version-history":[{"count":3,"href":"https:\/\/www.caririemacao.com\/1\/wp-json\/wp\/v2\/posts\/60926\/revisions"}],"predecessor-version":[{"id":60940,"href":"https:\/\/www.caririemacao.com\/1\/wp-json\/wp\/v2\/posts\/60926\/revisions\/60940"}],"wp:featuredmedia":[{"embeddable":true,"href":"https:\/\/www.caririemacao.com\/1\/wp-json\/wp\/v2\/media\/60929"}],"wp:attachment":[{"href":"https:\/\/www.caririemacao.com\/1\/wp-json\/wp\/v2\/media?parent=60926"}],"wp:term":[{"taxonomy":"category","embeddable":true,"href":"https:\/\/www.caririemacao.com\/1\/wp-json\/wp\/v2\/categories?post=60926"},{"taxonomy":"post_tag","embeddable":true,"href":"https:\/\/www.caririemacao.com\/1\/wp-json\/wp\/v2\/tags?post=60926"}],"curies":[{"name":"wp","href":"https:\/\/api.w.org\/{rel}","templated":true}]}}