{"id":60943,"date":"2018-08-11T08:00:41","date_gmt":"2018-08-11T11:00:41","guid":{"rendered":"http:\/\/caririemacao.com\/1\/?p=60943"},"modified":"2018-08-11T08:00:41","modified_gmt":"2018-08-11T11:00:41","slug":"confira-a-previsao-do-tempo-para-este-sabado-em-toda-paraiba-2","status":"publish","type":"post","link":"https:\/\/www.caririemacao.com\/1\/2018\/08\/11\/confira-a-previsao-do-tempo-para-este-sabado-em-toda-paraiba-2\/","title":{"rendered":"Confira a previs\u00e3o do tempo para este s\u00e1bado em toda Para\u00edba"},"content":{"rendered":"<p><img fetchpriority=\"high\" decoding=\"async\" class=\"alignnone size-medium wp-image-60944\" src=\"http:\/\/caririemacao.com\/1\/wp-content\/uploads\/2018\/08\/tempo1108-300x184.jpg\" alt=\"\" width=\"300\" height=\"184\" srcset=\"https:\/\/www.caririemacao.com\/1\/wp-content\/uploads\/2018\/08\/tempo1108-300x184.jpg 300w, https:\/\/www.caririemacao.com\/1\/wp-content\/uploads\/2018\/08\/tempo1108-768x471.jpg 768w, https:\/\/www.caririemacao.com\/1\/wp-content\/uploads\/2018\/08\/tempo1108.jpg 800w\" sizes=\"(max-width: 300px) 100vw, 300px\" \/>Permanece a condi\u00e7\u00e3o de forma\u00e7\u00e3o de nuvens do tipo \u201cbaixa\u201d, sobre o setor leste do Estado, associada ao deslocamento de umidade vinda do oceano Atl\u00e2ntico em dire\u00e7\u00e3o \u00e0 costa leste do Estado, trazida pelos ventos al\u00edsios de sudeste (ventos em baixos n\u00edveis da atmosfera que normalmente nesta \u00e9poca do ano sopram com mais intensidade). Com isso poder\u00e3o ocorrer chuvas passageiras e pontuais na faixa litor\u00e2nea.<\/p>\n<p>&nbsp;<\/p>\n<p><strong>Para\u00edba Online\/Foto: Reprodu\u00e7\u00e3o\u00a0<\/strong><\/p>\n<p>Cariri Em A\u00e7\u00e3o<\/p>\n<p>Leia mais not\u00edcias em\u00a0<a href=\"http:\/\/www.caririemacao.com\/\">caririemacao.com<\/a>, siga nossa p\u00e1gina no\u00a0<a href=\"https:\/\/www.facebook.com\/CaririEmAcao\/?ref=aymt_homepage_panel\">Facebook<\/a>,\u00a0<a href=\"https:\/\/www.instagram.com\/cariri_em_acao\/?hl=pt-br\">Instagram<\/a>\u00a0e\u00a0<a href=\"https:\/\/www.youtube.com\/channel\/UCAptA0jQuYQy8vMhLt2m4qg\">Youtube<\/a>\u00a0e veja nossas mat\u00e9rias, v\u00eddeos e fotos. Voc\u00ea tamb\u00e9m pode enviar informa\u00e7\u00f5es \u00e0 Reda\u00e7\u00e3o do Portal Cariri em A\u00e7\u00e3o pelo WhatsApp (83) 9 9634.5791, (83) 9 9601-1162.<\/p>\n","protected":false},"excerpt":{"rendered":"<p>Permanece a condi\u00e7\u00e3o de forma\u00e7\u00e3o de nuvens do tipo \u201cbaixa\u201d, sobre o setor leste do Estado, associada ao deslocamento de umidade vinda do oceano Atl\u00e2ntico&hellip; <\/p>\n","protected":false},"author":1,"featured_media":60945,"comment_status":"closed","ping_status":"closed","sticky":false,"template":"","format":"standard","meta":{"sfsi_plus_gutenberg_text_before_share":"","sfsi_plus_gutenberg_show_text_before_share":"","sfsi_plus_gutenberg_icon_type":"","sfsi_plus_gutenberg_icon_alignemt":"","sfsi_plus_gutenburg_max_per_row":"","footnotes":""},"categories":[6],"tags":[],"class_list":["post-60943","post","type-post","status-publish","format-standard","has-post-thumbnail","hentry","category-cidades"],"_links":{"self":[{"href":"https:\/\/www.caririemacao.com\/1\/wp-json\/wp\/v2\/posts\/60943","targetHints":{"allow":["GET"]}}],"collection":[{"href":"https:\/\/www.caririemacao.com\/1\/wp-json\/wp\/v2\/posts"}],"about":[{"href":"https:\/\/www.caririemacao.com\/1\/wp-json\/wp\/v2\/types\/post"}],"author":[{"embeddable":true,"href":"https:\/\/www.caririemacao.com\/1\/wp-json\/wp\/v2\/users\/1"}],"replies":[{"embeddable":true,"href":"https:\/\/www.caririemacao.com\/1\/wp-json\/wp\/v2\/comments?post=60943"}],"version-history":[{"count":1,"href":"https:\/\/www.caririemacao.com\/1\/wp-json\/wp\/v2\/posts\/60943\/revisions"}],"predecessor-version":[{"id":60946,"href":"https:\/\/www.caririemacao.com\/1\/wp-json\/wp\/v2\/posts\/60943\/revisions\/60946"}],"wp:featuredmedia":[{"embeddable":true,"href":"https:\/\/www.caririemacao.com\/1\/wp-json\/wp\/v2\/media\/60945"}],"wp:attachment":[{"href":"https:\/\/www.caririemacao.com\/1\/wp-json\/wp\/v2\/media?parent=60943"}],"wp:term":[{"taxonomy":"category","embeddable":true,"href":"https:\/\/www.caririemacao.com\/1\/wp-json\/wp\/v2\/categories?post=60943"},{"taxonomy":"post_tag","embeddable":true,"href":"https:\/\/www.caririemacao.com\/1\/wp-json\/wp\/v2\/tags?post=60943"}],"curies":[{"name":"wp","href":"https:\/\/api.w.org\/{rel}","templated":true}]}}