{"id":60947,"date":"2018-08-11T08:06:56","date_gmt":"2018-08-11T11:06:56","guid":{"rendered":"http:\/\/caririemacao.com\/1\/?p=60947"},"modified":"2018-08-11T08:06:56","modified_gmt":"2018-08-11T11:06:56","slug":"durante-reuniao-ze-maranhao-ouve-demandas-de-procuradores-do-estado","status":"publish","type":"post","link":"https:\/\/www.caririemacao.com\/1\/2018\/08\/11\/durante-reuniao-ze-maranhao-ouve-demandas-de-procuradores-do-estado\/","title":{"rendered":"Durante reuni\u00e3o, Z\u00e9 Maranh\u00e3o ouve demandas de procuradores do Estado"},"content":{"rendered":"<div class=\"td-featured-image-rec\">\n<div class=\"td-post-featured-image\"><a class=\"td-modal-image\" href=\"https:\/\/paraibaja.com.br\/wp-content\/uploads\/2018\/08\/Reuni%C3%A3o-Procuradores-e1533983652632.jpeg\" data-caption=\"\"><img fetchpriority=\"high\" decoding=\"async\" class=\"entry-thumb td-animation-stack-type0-1\" title=\"Reuni\u00e3o Procuradores\" src=\"https:\/\/paraibaja.com.br\/wp-content\/uploads\/2018\/08\/Reuni%C3%A3o-Procuradores-696x464.jpeg\" sizes=\"(max-width: 696px) 100vw, 696px\" srcset=\"https:\/\/paraibaja.com.br\/wp-content\/uploads\/2018\/08\/Reuni\u00e3o-Procuradores-696x464.jpeg 696w, https:\/\/paraibaja.com.br\/wp-content\/uploads\/2018\/08\/Reuni\u00e3o-Procuradores-300x200.jpeg 300w, https:\/\/paraibaja.com.br\/wp-content\/uploads\/2018\/08\/Reuni\u00e3o-Procuradores-768x512.jpeg 768w, https:\/\/paraibaja.com.br\/wp-content\/uploads\/2018\/08\/Reuni\u00e3o-Procuradores-1024x682.jpeg 1024w, https:\/\/paraibaja.com.br\/wp-content\/uploads\/2018\/08\/Reuni\u00e3o-Procuradores-1068x712.jpeg 1068w, https:\/\/paraibaja.com.br\/wp-content\/uploads\/2018\/08\/Reuni\u00e3o-Procuradores-630x420.jpeg 630w, https:\/\/paraibaja.com.br\/wp-content\/uploads\/2018\/08\/Reuni\u00e3o-Procuradores-450x300.jpeg 450w, https:\/\/paraibaja.com.br\/wp-content\/uploads\/2018\/08\/Reuni\u00e3o-Procuradores-e1533983652632.jpeg 700w\" alt=\"Durante reuni\u00e3o, Z\u00e9 Maranh\u00e3o ouve demandas de procuradores do Estado\" width=\"696\" height=\"464\" \/><\/a><\/div>\n<\/div>\n<p>Em reuni\u00e3o nesta sexta-feira (10) na sede do MDB, em Jo\u00e3o Pessoa, Z\u00e9 Maranh\u00e3o recebeu representantes dos Procuradores do Estado. O encontro fez parte do calend\u00e1rio de visitas criado pela categoria. Segundo Fl\u00e1vio Lacerda, presidente da Associa\u00e7\u00e3o dos Procuradores da Para\u00edba, foi entregue ao Senador um relat\u00f3rio que apresenta a real situa\u00e7\u00e3o dos procuradores. No documento est\u00e3o as principais reivindica\u00e7\u00f5es da categoria como reajuste no subs\u00eddio, melhoria de custeio da procuradoria como \u00f3rg\u00e3o estadual e o problema do d\u00e9ficit de procuradores.<\/p>\n<p>\u201cHoje s\u00e3o 95 cargos na carreira e apenas 49 trabalhando. A necessidade de concurso \u00e9 urgente. Procuradores se dedicam a atender o estado da Para\u00edba, de Jo\u00e3o Pessoa a Cajazeiras, e com esse d\u00e9ficit de quase 50%, \u00e9 inevit\u00e1vel que a popula\u00e7\u00e3o sinta os preju\u00edzo\u201d, disse Fl\u00e1vio.<\/p>\n<p>\u201cNenhuma m\u00e1quina funciona plenamente com pe\u00e7as faltando. Na gest\u00e3o p\u00fablica \u00e9 da mesma forma. Precisamos ouvir todos os segmentos para identificar as necessidades e trabalhar para garantir\u00a0 melhorias. Essa vai ser uma das marca do nosso governo\u201d, afirmou Maranh\u00e3o.<\/p>\n<p>&nbsp;<\/p>\n<p><strong>Para\u00edba J\u00e1<\/strong><\/p>\n<p>Cariri Em A\u00e7\u00e3o<\/p>\n<p>Leia mais not\u00edcias em\u00a0<a href=\"http:\/\/www.caririemacao.com\/\">caririemacao.com<\/a>, siga nossa p\u00e1gina no\u00a0<a href=\"https:\/\/www.facebook.com\/CaririEmAcao\/?ref=aymt_homepage_panel\">Facebook<\/a>,\u00a0<a href=\"https:\/\/www.instagram.com\/cariri_em_acao\/?hl=pt-br\">Instagram<\/a>\u00a0e\u00a0<a href=\"https:\/\/www.youtube.com\/channel\/UCAptA0jQuYQy8vMhLt2m4qg\">Youtube<\/a>\u00a0e veja nossas mat\u00e9rias, v\u00eddeos e fotos. Voc\u00ea tamb\u00e9m pode enviar informa\u00e7\u00f5es \u00e0 Reda\u00e7\u00e3o do Portal Cariri em A\u00e7\u00e3o pelo WhatsApp (83) 9 9634.5791, (83) 9 9601-1162.<\/p>\n","protected":false},"excerpt":{"rendered":"<p>Em reuni\u00e3o nesta sexta-feira (10) na sede do MDB, em Jo\u00e3o Pessoa, Z\u00e9 Maranh\u00e3o recebeu representantes dos Procuradores do Estado. O encontro fez parte do&hellip; <\/p>\n","protected":false},"author":1,"featured_media":51091,"comment_status":"closed","ping_status":"closed","sticky":false,"template":"","format":"standard","meta":{"sfsi_plus_gutenberg_text_before_share":"","sfsi_plus_gutenberg_show_text_before_share":"","sfsi_plus_gutenberg_icon_type":"","sfsi_plus_gutenberg_icon_alignemt":"","sfsi_plus_gutenburg_max_per_row":"","footnotes":""},"categories":[11],"tags":[],"class_list":["post-60947","post","type-post","status-publish","format-standard","has-post-thumbnail","hentry","category-politica"],"_links":{"self":[{"href":"https:\/\/www.caririemacao.com\/1\/wp-json\/wp\/v2\/posts\/60947","targetHints":{"allow":["GET"]}}],"collection":[{"href":"https:\/\/www.caririemacao.com\/1\/wp-json\/wp\/v2\/posts"}],"about":[{"href":"https:\/\/www.caririemacao.com\/1\/wp-json\/wp\/v2\/types\/post"}],"author":[{"embeddable":true,"href":"https:\/\/www.caririemacao.com\/1\/wp-json\/wp\/v2\/users\/1"}],"replies":[{"embeddable":true,"href":"https:\/\/www.caririemacao.com\/1\/wp-json\/wp\/v2\/comments?post=60947"}],"version-history":[{"count":1,"href":"https:\/\/www.caririemacao.com\/1\/wp-json\/wp\/v2\/posts\/60947\/revisions"}],"predecessor-version":[{"id":60948,"href":"https:\/\/www.caririemacao.com\/1\/wp-json\/wp\/v2\/posts\/60947\/revisions\/60948"}],"wp:featuredmedia":[{"embeddable":true,"href":"https:\/\/www.caririemacao.com\/1\/wp-json\/wp\/v2\/media\/51091"}],"wp:attachment":[{"href":"https:\/\/www.caririemacao.com\/1\/wp-json\/wp\/v2\/media?parent=60947"}],"wp:term":[{"taxonomy":"category","embeddable":true,"href":"https:\/\/www.caririemacao.com\/1\/wp-json\/wp\/v2\/categories?post=60947"},{"taxonomy":"post_tag","embeddable":true,"href":"https:\/\/www.caririemacao.com\/1\/wp-json\/wp\/v2\/tags?post=60947"}],"curies":[{"name":"wp","href":"https:\/\/api.w.org\/{rel}","templated":true}]}}