{"id":60953,"date":"2018-08-11T09:20:04","date_gmt":"2018-08-11T12:20:04","guid":{"rendered":"http:\/\/caririemacao.com\/1\/?p=60953"},"modified":"2018-08-11T09:20:04","modified_gmt":"2018-08-11T12:20:04","slug":"escola-de-zona-rural-do-cariri-e-invadida-pela-4a-vez-merenda-e-objetos-foram-furtados","status":"publish","type":"post","link":"https:\/\/www.caririemacao.com\/1\/2018\/08\/11\/escola-de-zona-rural-do-cariri-e-invadida-pela-4a-vez-merenda-e-objetos-foram-furtados\/","title":{"rendered":"Escola de zona rural do Cariri \u00e9 invadida pela 4\u00aa vez; merenda e objetos foram furtados"},"content":{"rendered":"<p><img fetchpriority=\"high\" decoding=\"async\" class=\" wp-image-20204 alignleft\" src=\"http:\/\/www.vitrinedocariri.com.br\/wp-content\/uploads\/2018\/08\/001-6.jpg\" alt=\"\" width=\"332\" height=\"272\" \/>A escola Jo\u00e3o Pereira Filho, localizada na zona rural de Livramento, voltou a ser alvo de invas\u00f5es e furtos. O arrombamento aconteceu durante a madrugada desta sexta-feira (10).<\/p>\n<p>De acordo com informa\u00e7\u00f5es da secret\u00e1ria de Educa\u00e7\u00e3o, Neumany Cristina, os ladr\u00f5es levaram toda merenda, botij\u00e3o de g\u00e1s, utens\u00edlios de cozinha e alimentos que j\u00e1 estavam estocados para a festa em comemora\u00e7\u00e3o ao dia dos pais.<\/p>\n<p>Esta \u00e9 a quarta vez que a escola \u00e9 invadida.<\/p>\n<p>&nbsp;<\/p>\n<p><strong>VITRINE DO CARIRI\/Foto: Reprodu\u00e7\u00e3o\u00a0<\/strong><\/p>\n<p>Cariri Em A\u00e7\u00e3o<\/p>\n<p>Leia mais not\u00edcias em\u00a0<a href=\"http:\/\/www.caririemacao.com\/\">caririemacao.com<\/a>, siga nossa p\u00e1gina no\u00a0<a href=\"https:\/\/www.facebook.com\/CaririEmAcao\/?ref=aymt_homepage_panel\">Facebook<\/a>,\u00a0<a href=\"https:\/\/www.instagram.com\/cariri_em_acao\/?hl=pt-br\">Instagram<\/a>\u00a0e\u00a0<a href=\"https:\/\/www.youtube.com\/channel\/UCAptA0jQuYQy8vMhLt2m4qg\">Youtube<\/a>\u00a0e veja nossas mat\u00e9rias, v\u00eddeos e fotos. Voc\u00ea tamb\u00e9m pode enviar informa\u00e7\u00f5es \u00e0 Reda\u00e7\u00e3o do Portal Cariri em A\u00e7\u00e3o pelo WhatsApp (83) 9 9634.5791, (83) 9 9601-1162.<\/p>\n","protected":false},"excerpt":{"rendered":"<p>A escola Jo\u00e3o Pereira Filho, localizada na zona rural de Livramento, voltou a ser alvo de invas\u00f5es e furtos. O arrombamento aconteceu durante a madrugada&hellip; <\/p>\n","protected":false},"author":1,"featured_media":60954,"comment_status":"closed","ping_status":"closed","sticky":false,"template":"","format":"standard","meta":{"sfsi_plus_gutenberg_text_before_share":"","sfsi_plus_gutenberg_show_text_before_share":"","sfsi_plus_gutenberg_icon_type":"","sfsi_plus_gutenberg_icon_alignemt":"","sfsi_plus_gutenburg_max_per_row":"","footnotes":""},"categories":[12],"tags":[],"class_list":["post-60953","post","type-post","status-publish","format-standard","has-post-thumbnail","hentry","category-policia"],"_links":{"self":[{"href":"https:\/\/www.caririemacao.com\/1\/wp-json\/wp\/v2\/posts\/60953","targetHints":{"allow":["GET"]}}],"collection":[{"href":"https:\/\/www.caririemacao.com\/1\/wp-json\/wp\/v2\/posts"}],"about":[{"href":"https:\/\/www.caririemacao.com\/1\/wp-json\/wp\/v2\/types\/post"}],"author":[{"embeddable":true,"href":"https:\/\/www.caririemacao.com\/1\/wp-json\/wp\/v2\/users\/1"}],"replies":[{"embeddable":true,"href":"https:\/\/www.caririemacao.com\/1\/wp-json\/wp\/v2\/comments?post=60953"}],"version-history":[{"count":1,"href":"https:\/\/www.caririemacao.com\/1\/wp-json\/wp\/v2\/posts\/60953\/revisions"}],"predecessor-version":[{"id":60955,"href":"https:\/\/www.caririemacao.com\/1\/wp-json\/wp\/v2\/posts\/60953\/revisions\/60955"}],"wp:featuredmedia":[{"embeddable":true,"href":"https:\/\/www.caririemacao.com\/1\/wp-json\/wp\/v2\/media\/60954"}],"wp:attachment":[{"href":"https:\/\/www.caririemacao.com\/1\/wp-json\/wp\/v2\/media?parent=60953"}],"wp:term":[{"taxonomy":"category","embeddable":true,"href":"https:\/\/www.caririemacao.com\/1\/wp-json\/wp\/v2\/categories?post=60953"},{"taxonomy":"post_tag","embeddable":true,"href":"https:\/\/www.caririemacao.com\/1\/wp-json\/wp\/v2\/tags?post=60953"}],"curies":[{"name":"wp","href":"https:\/\/api.w.org\/{rel}","templated":true}]}}