{"id":60958,"date":"2018-08-11T10:42:15","date_gmt":"2018-08-11T13:42:15","guid":{"rendered":"http:\/\/caririemacao.com\/1\/?p=60958"},"modified":"2018-08-11T10:42:15","modified_gmt":"2018-08-11T13:42:15","slug":"padrasto-e-preso-suspeito-de-arremessar-e-matar-crianca-de-1-ano","status":"publish","type":"post","link":"https:\/\/www.caririemacao.com\/1\/2018\/08\/11\/padrasto-e-preso-suspeito-de-arremessar-e-matar-crianca-de-1-ano\/","title":{"rendered":"Padrasto \u00e9 preso suspeito de arremessar e matar crian\u00e7a de 1 ano"},"content":{"rendered":"<p>O padrasto de um menino de um ano e quatro meses foi preso nesta sexta-feira (10) suspeito de causar a morte da crian\u00e7a por espancamento. As agress\u00f5es teriam acontecido no domingo (4) em um s\u00edtio da Zona Rural do munic\u00edpio de Queimadas, Agreste paraibano, a 145 quil\u00f4metros de Jo\u00e3o Pessoa e o menino morreu ap\u00f3s ser socorrido para um hospital de Queimadas.<\/p>\n<p>O delegado que investiga o caso, Cristiano Santana, contou que, inicialmente, a m\u00e3e do menino deu duas vers\u00f5es para justificar a morte da crian\u00e7a.<\/p>\n<p>\u201cPrimeiro, ela nos contou que o menino teria se engasgado e, por isso, passado mal e morrido. Depois, ela disse que um animal teria atingido o menino na barriga, ocasionando uma forte pancada. Mas, as duas vers\u00f5es n\u00e3o se sustentaram a partir de exames cadav\u00e9ricos\u201d, disse o delegado.<\/p>\n<p>Confrontada com os exames, a m\u00e3e da crian\u00e7a finalmente contou \u00e0 pol\u00edcia que o padrasto do menino o teria agredido.<\/p>\n<p>\u201cCom as informa\u00e7\u00f5es preliminares dos exames, que apontavam agress\u00f5es f\u00edsicas, a m\u00e3e resolveu contar a verdade. Ela disse que estava em casa com o menino e o padrasto quando a crian\u00e7a come\u00e7ou a chorar. Ela foi consolar o filho, mas o padrasto n\u00e3o permitiu e houve discuss\u00e3o. Quando ela foi novamente pegar o filho, o padrasto tomou \u00e0 frente e arremessou o menino ao ch\u00e3o, dando um chute na barriga. Em seguida, o garoto vomitou sem parar e foi levado ao hospital, mas n\u00e3o resistiu\u201d, contou o delegado.<\/p>\n<p>Ap\u00f3s o depoimento da m\u00e3e, a pol\u00edcia iniciou buscas e prendeu o padrasto, que nega o crime e segue detido na carceragem da Central de Pol\u00edcia Civil. Ainda segundo o delegado, a m\u00e3e da crian\u00e7a tamb\u00e9m pode ser indiciada.<\/p>\n<p>\u201cIremos analisar a responsabilidade da m\u00e3e em uma poss\u00edvel omiss\u00e3o no aux\u00edlio ao filho e emitir informa\u00e7\u00f5es falsas \u00c0 pol\u00edcia. O laudo para afirmar a causa da morte deve ser publicado na semana que vem\u201d, finalizou o delegado.<\/p>\n<p>&nbsp;<\/p>\n<p><strong>Para\u00edba Mix\/Foto: Reprodu\u00e7\u00e3o\u00a0<\/strong><\/p>\n<p>Cariri Em A\u00e7\u00e3o<\/p>\n<p>Leia mais not\u00edcias em\u00a0<a href=\"http:\/\/www.caririemacao.com\/\">caririemacao.com<\/a>, siga nossa p\u00e1gina no\u00a0<a href=\"https:\/\/www.facebook.com\/CaririEmAcao\/?ref=aymt_homepage_panel\">Facebook<\/a>,\u00a0<a href=\"https:\/\/www.instagram.com\/cariri_em_acao\/?hl=pt-br\">Instagram<\/a>\u00a0e\u00a0<a href=\"https:\/\/www.youtube.com\/channel\/UCAptA0jQuYQy8vMhLt2m4qg\">Youtube<\/a>\u00a0e veja nossas mat\u00e9rias, v\u00eddeos e fotos. Voc\u00ea tamb\u00e9m pode enviar informa\u00e7\u00f5es \u00e0 Reda\u00e7\u00e3o do Portal Cariri em A\u00e7\u00e3o pelo WhatsApp (83) 9 9634.5791, (83) 9 9601-1162.<\/p>\n","protected":false},"excerpt":{"rendered":"<p>O padrasto de um menino de um ano e quatro meses foi preso nesta sexta-feira (10) suspeito de causar a morte da crian\u00e7a por espancamento.&hellip; <\/p>\n","protected":false},"author":1,"featured_media":42005,"comment_status":"closed","ping_status":"closed","sticky":false,"template":"","format":"standard","meta":{"sfsi_plus_gutenberg_text_before_share":"","sfsi_plus_gutenberg_show_text_before_share":"","sfsi_plus_gutenberg_icon_type":"","sfsi_plus_gutenberg_icon_alignemt":"","sfsi_plus_gutenburg_max_per_row":"","footnotes":""},"categories":[12],"tags":[],"class_list":["post-60958","post","type-post","status-publish","format-standard","has-post-thumbnail","hentry","category-policia"],"_links":{"self":[{"href":"https:\/\/www.caririemacao.com\/1\/wp-json\/wp\/v2\/posts\/60958","targetHints":{"allow":["GET"]}}],"collection":[{"href":"https:\/\/www.caririemacao.com\/1\/wp-json\/wp\/v2\/posts"}],"about":[{"href":"https:\/\/www.caririemacao.com\/1\/wp-json\/wp\/v2\/types\/post"}],"author":[{"embeddable":true,"href":"https:\/\/www.caririemacao.com\/1\/wp-json\/wp\/v2\/users\/1"}],"replies":[{"embeddable":true,"href":"https:\/\/www.caririemacao.com\/1\/wp-json\/wp\/v2\/comments?post=60958"}],"version-history":[{"count":1,"href":"https:\/\/www.caririemacao.com\/1\/wp-json\/wp\/v2\/posts\/60958\/revisions"}],"predecessor-version":[{"id":60959,"href":"https:\/\/www.caririemacao.com\/1\/wp-json\/wp\/v2\/posts\/60958\/revisions\/60959"}],"wp:featuredmedia":[{"embeddable":true,"href":"https:\/\/www.caririemacao.com\/1\/wp-json\/wp\/v2\/media\/42005"}],"wp:attachment":[{"href":"https:\/\/www.caririemacao.com\/1\/wp-json\/wp\/v2\/media?parent=60958"}],"wp:term":[{"taxonomy":"category","embeddable":true,"href":"https:\/\/www.caririemacao.com\/1\/wp-json\/wp\/v2\/categories?post=60958"},{"taxonomy":"post_tag","embeddable":true,"href":"https:\/\/www.caririemacao.com\/1\/wp-json\/wp\/v2\/tags?post=60958"}],"curies":[{"name":"wp","href":"https:\/\/api.w.org\/{rel}","templated":true}]}}