{"id":60960,"date":"2018-08-11T10:46:39","date_gmt":"2018-08-11T13:46:39","guid":{"rendered":"http:\/\/caririemacao.com\/1\/?p=60960"},"modified":"2018-08-11T10:46:39","modified_gmt":"2018-08-11T13:46:39","slug":"mais-que-um-time-uma-cidade","status":"publish","type":"post","link":"https:\/\/www.caririemacao.com\/1\/2018\/08\/11\/mais-que-um-time-uma-cidade\/","title":{"rendered":"Mais que um time, uma cidade"},"content":{"rendered":"<p style=\"font-weight: 400;\">O slogan faz jus ao tamanho da paix\u00e3o da imensa torcida do Tigrense de S\u00e3o Jo\u00e3o do Tigre.<\/p>\n<p style=\"font-weight: 400;\">Neste Domingo a equipe luta pelo t\u00edtulo in\u00e9dito de campe\u00e3o da Copa Integra\u00e7\u00e3o do Cariri. Ali\u00e1s ser campe\u00e3o da regi\u00e3o n\u00e3o \u00e9 fa\u00e7anha in\u00e9dita para o Tigrense na verdade.<\/p>\n<p style=\"font-weight: 400;\">A equipe foi bi campe\u00e3 duas vezes da extinta Copa Cariri que era coordenada pelo saudoso professor Robson Rafael. Mas, conquistar a Copa Integra\u00e7\u00e3o \u00e9 feito ainda maior, pois esta competi\u00e7\u00e3o envolve equipes de localidades bem mais distantes a exemplo do advers\u00e1rio da decis\u00e3o que vem da distante Soledade.<\/p>\n<p style=\"font-weight: 400;\">Eu nunca havia presenciado uma paix\u00e3o e uma sintonia t\u00e3o grande entre uma equipe e sua torcida no Cariri desde o auge da Socremo de Monteiro em suas mais memor\u00e1veis campanhas no campeonato paraibano de profissionais.<\/p>\n<p style=\"font-weight: 400;\">N\u00e3o \u00e9 f\u00e1cil fazer futebol amador, mas a gest\u00e3o do prefeito C\u00e9lio Barbosa transformou esta paix\u00e3o em dedica\u00e7\u00e3o e n\u00e3o mediu esfor\u00e7os para oferecer as melhores condi\u00e7\u00f5es \u00e0 equipe durante a competi\u00e7\u00e3o, investindo forte em todos os aspectos inclusive no elenco e comiss\u00e3o t\u00e9cnica.<\/p>\n<p style=\"font-weight: 400;\">Neste Domingo S\u00e3o Jo\u00e3o do Tigre viver\u00e1 uma tarde de muita festa. Esperamos que o titulo venha para coroar esta paix\u00e3o maravilhosa desta torcida, e que por coincid\u00eancia a festa aconte\u00e7a no mesmo local onde este ano houve a abertura festiva da competi\u00e7\u00e3o.<\/p>\n<p style=\"font-weight: 400;\">O Tigrense \u00e9 mais do que um time. \u00c9 uma cidade. Uma cidade apaixonada pelo esporte e com uma gest\u00e3o que apoia este amor.<\/p>\n<p>&nbsp;<\/p>\n<p style=\"font-weight: 400;\"><strong>BLOG DO F\u00c1BIO BRITO\/Foto: Reprodu\u00e7\u00e3o\u00a0<\/strong><\/p>\n<p>Cariri Em A\u00e7\u00e3o<\/p>\n<p>Leia mais not\u00edcias em\u00a0<a href=\"http:\/\/www.caririemacao.com\/\">caririemacao.com<\/a>, siga nossa p\u00e1gina no\u00a0<a href=\"https:\/\/www.facebook.com\/CaririEmAcao\/?ref=aymt_homepage_panel\">Facebook<\/a>,\u00a0<a href=\"https:\/\/www.instagram.com\/cariri_em_acao\/?hl=pt-br\">Instagram<\/a>\u00a0e\u00a0<a href=\"https:\/\/www.youtube.com\/channel\/UCAptA0jQuYQy8vMhLt2m4qg\">Youtube<\/a>\u00a0e veja nossas mat\u00e9rias, v\u00eddeos e fotos. Voc\u00ea tamb\u00e9m pode enviar informa\u00e7\u00f5es \u00e0 Reda\u00e7\u00e3o do Portal Cariri em A\u00e7\u00e3o pelo WhatsApp (83) 9 9634.5791, (83) 9 9601-1162.<\/p>\n","protected":false},"excerpt":{"rendered":"<p>O slogan faz jus ao tamanho da paix\u00e3o da imensa torcida do Tigrense de S\u00e3o Jo\u00e3o do Tigre. Neste Domingo a equipe luta pelo t\u00edtulo&hellip; <\/p>\n","protected":false},"author":1,"featured_media":60961,"comment_status":"closed","ping_status":"closed","sticky":false,"template":"","format":"standard","meta":{"sfsi_plus_gutenberg_text_before_share":"","sfsi_plus_gutenberg_show_text_before_share":"","sfsi_plus_gutenberg_icon_type":"","sfsi_plus_gutenberg_icon_alignemt":"","sfsi_plus_gutenburg_max_per_row":"","footnotes":""},"categories":[13],"tags":[],"class_list":["post-60960","post","type-post","status-publish","format-standard","has-post-thumbnail","hentry","category-esportes"],"_links":{"self":[{"href":"https:\/\/www.caririemacao.com\/1\/wp-json\/wp\/v2\/posts\/60960","targetHints":{"allow":["GET"]}}],"collection":[{"href":"https:\/\/www.caririemacao.com\/1\/wp-json\/wp\/v2\/posts"}],"about":[{"href":"https:\/\/www.caririemacao.com\/1\/wp-json\/wp\/v2\/types\/post"}],"author":[{"embeddable":true,"href":"https:\/\/www.caririemacao.com\/1\/wp-json\/wp\/v2\/users\/1"}],"replies":[{"embeddable":true,"href":"https:\/\/www.caririemacao.com\/1\/wp-json\/wp\/v2\/comments?post=60960"}],"version-history":[{"count":1,"href":"https:\/\/www.caririemacao.com\/1\/wp-json\/wp\/v2\/posts\/60960\/revisions"}],"predecessor-version":[{"id":60962,"href":"https:\/\/www.caririemacao.com\/1\/wp-json\/wp\/v2\/posts\/60960\/revisions\/60962"}],"wp:featuredmedia":[{"embeddable":true,"href":"https:\/\/www.caririemacao.com\/1\/wp-json\/wp\/v2\/media\/60961"}],"wp:attachment":[{"href":"https:\/\/www.caririemacao.com\/1\/wp-json\/wp\/v2\/media?parent=60960"}],"wp:term":[{"taxonomy":"category","embeddable":true,"href":"https:\/\/www.caririemacao.com\/1\/wp-json\/wp\/v2\/categories?post=60960"},{"taxonomy":"post_tag","embeddable":true,"href":"https:\/\/www.caririemacao.com\/1\/wp-json\/wp\/v2\/tags?post=60960"}],"curies":[{"name":"wp","href":"https:\/\/api.w.org\/{rel}","templated":true}]}}