{"id":60966,"date":"2018-08-11T11:28:53","date_gmt":"2018-08-11T14:28:53","guid":{"rendered":"http:\/\/caririemacao.com\/1\/?p=60966"},"modified":"2018-08-11T11:28:53","modified_gmt":"2018-08-11T14:28:53","slug":"sao-sebastiao-do-umbuzeiro-realiza-ciranda-de-documentos-na-proxima-segunda-feira-dia-13","status":"publish","type":"post","link":"https:\/\/www.caririemacao.com\/1\/2018\/08\/11\/sao-sebastiao-do-umbuzeiro-realiza-ciranda-de-documentos-na-proxima-segunda-feira-dia-13\/","title":{"rendered":"S\u00e3o Sebasti\u00e3o do Umbuzeiro realiza Ciranda de documentos na pr\u00f3xima segunda-feira dia 13"},"content":{"rendered":"<p>A\u00a0Prefeitura Municipal de S\u00e3o Sebasti\u00e3o do Umbuzeiro, por meio das Secretarias de Assist\u00eancia Social e do Desenvolvimento Humano e Sa\u00fade, em parceria com o Governo do Estado, realiza na pr\u00f3xima segunda-feira dia 13 de agosto, a Ciranda de Documentos.<\/p>\n<p>A Ciranda de Documentos ser\u00e1 realizada na Casa da Cidadania Yvette Lafayette, a partir d\u00e1s 08h00, com emiss\u00e3o de RG 1\u00aa e 2\u00aa VIA, CPF, Reservista, Bolsa Fam\u00edlia e\u00a0<span class=\"textexposedshow\">servi\u00e7os da Sala do Microempreendedor Individual.<\/span><\/p>\n<p>Devido \u00e0 demanda e a procura das pessoas por Carteira de Identidade (RG), o prefeito Adriano Wolff, conseguiu com o governo estadual a parceria da Ciranda de Documentos, e levar esse servi\u00e7o o mais pr\u00f3ximo poss\u00edvel da popula\u00e7\u00e3o do munic\u00edpio.<\/p>\n<p>Para retirar Identidade \u00e9 preciso levar: Xerox e original do Registro de nascimento; Fator RH (tipo sangu\u00edneo); certid\u00e3o de casamento (caso seja casado) e se perdeu a indenidade apresentar B.O.<\/p>\n<p>Para retirar o CPF \u00e9 preciso levar: Registro de nascimento; comprovante de resid\u00eancia (ex: luz); T\u00edtulo eleitoral (caso seja maior de 18 anos).<\/p>\n<p>Para retirar a Reservista \u00e9 preciso levar,\u00a0Registro de nascimento,\u00a0Identidade, CPF e pagar taxas.<\/p>\n<p>\u201cSer\u00e1 uma satisfa\u00e7\u00e3o muito grande oferecer esses servi\u00e7os para a popula\u00e7\u00e3o de S\u00e3o Sebasti\u00e3o do Umbuzeiro\u201d, disse o prefeito Adriano Wolff.<\/p>\n<p>&nbsp;<\/p>\n<p><strong>Blog do Didi\/Foto: Reprodu\u00e7\u00e3o\u00a0<\/strong><\/p>\n<p>Cariri Em A\u00e7\u00e3o<\/p>\n<p>Leia mais not\u00edcias em\u00a0<a href=\"http:\/\/www.caririemacao.com\/\">caririemacao.com<\/a>, siga nossa p\u00e1gina no\u00a0<a href=\"https:\/\/www.facebook.com\/CaririEmAcao\/?ref=aymt_homepage_panel\">Facebook<\/a>,\u00a0<a href=\"https:\/\/www.instagram.com\/cariri_em_acao\/?hl=pt-br\">Instagram<\/a>\u00a0e\u00a0<a href=\"https:\/\/www.youtube.com\/channel\/UCAptA0jQuYQy8vMhLt2m4qg\">Youtube<\/a>\u00a0e veja nossas mat\u00e9rias, v\u00eddeos e fotos. Voc\u00ea tamb\u00e9m pode enviar informa\u00e7\u00f5es \u00e0 Reda\u00e7\u00e3o do Portal Cariri em A\u00e7\u00e3o pelo WhatsApp (83) 9 9634.5791, (83) 9 9601-1162.<\/p>\n","protected":false},"excerpt":{"rendered":"<p>A\u00a0Prefeitura Municipal de S\u00e3o Sebasti\u00e3o do Umbuzeiro, por meio das Secretarias de Assist\u00eancia Social e do Desenvolvimento Humano e Sa\u00fade, em parceria com o Governo&hellip; <\/p>\n","protected":false},"author":1,"featured_media":60967,"comment_status":"closed","ping_status":"closed","sticky":false,"template":"","format":"standard","meta":{"sfsi_plus_gutenberg_text_before_share":"","sfsi_plus_gutenberg_show_text_before_share":"","sfsi_plus_gutenberg_icon_type":"","sfsi_plus_gutenberg_icon_alignemt":"","sfsi_plus_gutenburg_max_per_row":"","footnotes":""},"categories":[2],"tags":[],"class_list":["post-60966","post","type-post","status-publish","format-standard","has-post-thumbnail","hentry","category-geral"],"_links":{"self":[{"href":"https:\/\/www.caririemacao.com\/1\/wp-json\/wp\/v2\/posts\/60966","targetHints":{"allow":["GET"]}}],"collection":[{"href":"https:\/\/www.caririemacao.com\/1\/wp-json\/wp\/v2\/posts"}],"about":[{"href":"https:\/\/www.caririemacao.com\/1\/wp-json\/wp\/v2\/types\/post"}],"author":[{"embeddable":true,"href":"https:\/\/www.caririemacao.com\/1\/wp-json\/wp\/v2\/users\/1"}],"replies":[{"embeddable":true,"href":"https:\/\/www.caririemacao.com\/1\/wp-json\/wp\/v2\/comments?post=60966"}],"version-history":[{"count":1,"href":"https:\/\/www.caririemacao.com\/1\/wp-json\/wp\/v2\/posts\/60966\/revisions"}],"predecessor-version":[{"id":60968,"href":"https:\/\/www.caririemacao.com\/1\/wp-json\/wp\/v2\/posts\/60966\/revisions\/60968"}],"wp:featuredmedia":[{"embeddable":true,"href":"https:\/\/www.caririemacao.com\/1\/wp-json\/wp\/v2\/media\/60967"}],"wp:attachment":[{"href":"https:\/\/www.caririemacao.com\/1\/wp-json\/wp\/v2\/media?parent=60966"}],"wp:term":[{"taxonomy":"category","embeddable":true,"href":"https:\/\/www.caririemacao.com\/1\/wp-json\/wp\/v2\/categories?post=60966"},{"taxonomy":"post_tag","embeddable":true,"href":"https:\/\/www.caririemacao.com\/1\/wp-json\/wp\/v2\/tags?post=60966"}],"curies":[{"name":"wp","href":"https:\/\/api.w.org\/{rel}","templated":true}]}}