{"id":60973,"date":"2018-08-11T11:56:17","date_gmt":"2018-08-11T14:56:17","guid":{"rendered":"http:\/\/caririemacao.com\/1\/?p=60973"},"modified":"2018-08-11T11:56:17","modified_gmt":"2018-08-11T14:56:17","slug":"tarifa-do-gas-natural-sofre-reajuste-e-aumenta-em-927-na-paraiba","status":"publish","type":"post","link":"https:\/\/www.caririemacao.com\/1\/2018\/08\/11\/tarifa-do-gas-natural-sofre-reajuste-e-aumenta-em-927-na-paraiba\/","title":{"rendered":"Tarifa do g\u00e1s natural sofre reajuste e aumenta em 9,27% na Para\u00edba"},"content":{"rendered":"<p><a>O pre\u00e7o do g\u00e1s natural comercializado pela Companhia Paraibana de G\u00e1s (PBG\u00e1s), sofreu reajuste da tarifa em 9,27%. O aumento<\/a><a href=\"http:\/\/static.paraiba.pb.gov.br\/2018\/08\/Diario-Oficial-11-08-2018.pdf\">\u00a0foi divulgado na edi\u00e7\u00e3o do Di\u00e1rio Oficial<\/a>\u00a0deste s\u00e1bado (11).<\/p>\n<p>J\u00e1 em vigor a partir de hoje, os efeitos financeiros s\u00e3o retroativos a partir de 1\u00ba de agosto. De acordo com a publica\u00e7\u00e3o, o g\u00e1s de segmento industrial teve aumento de 9,97% e 9,95% no segmento automotivo, conhecido como G\u00e1s Natural Veicular. \u00a0J\u00e1 o g\u00e1s natural comprido aumentou 9,97%.<\/p>\n<p>Quem tamb\u00e9m sofreu reajuste foi o g\u00e1s no segmento residencial, mas nesse caso o valor teve redu\u00e7\u00e3o de 0,06%. No com\u00e9rcio tamb\u00e9m teve baixa de 0,08%.<\/p>\n<p>Uma audi\u00eancia p\u00fablica realizada em 17 de julho no Espa\u00e7o Cultural aprovou as modifica\u00e7\u00f5es, que foram apresentas \u00e0 Ag\u00eancia de Regula\u00e7\u00e3o do Estado da Para\u00edba (ARPB). Segundo divulgado, a nova tarifa vai garantir a \u2018manuten\u00e7\u00e3o do equil\u00edbrio econ\u00f4mico e financeiro do contrato\u2019.<\/p>\n<p>&nbsp;<\/p>\n<p><strong>Cariri Online\/Foto: Reprodu\u00e7\u00e3o <\/strong><\/p>\n<p>Cariri Em A\u00e7\u00e3o<\/p>\n<p>Leia mais not\u00edcias em\u00a0<a href=\"http:\/\/www.caririemacao.com\/\">caririemacao.com<\/a>, siga nossa p\u00e1gina no\u00a0<a href=\"https:\/\/www.facebook.com\/CaririEmAcao\/?ref=aymt_homepage_panel\">Facebook<\/a>,\u00a0<a href=\"https:\/\/www.instagram.com\/cariri_em_acao\/?hl=pt-br\">Instagram<\/a>\u00a0e\u00a0<a href=\"https:\/\/www.youtube.com\/channel\/UCAptA0jQuYQy8vMhLt2m4qg\">Youtube<\/a>\u00a0e veja nossas mat\u00e9rias, v\u00eddeos e fotos. Voc\u00ea tamb\u00e9m pode enviar informa\u00e7\u00f5es \u00e0 Reda\u00e7\u00e3o do Portal Cariri em A\u00e7\u00e3o pelo WhatsApp (83) 9 9634.5791, (83) 9 9601-1162.<\/p>\n","protected":false},"excerpt":{"rendered":"<p>O pre\u00e7o do g\u00e1s natural comercializado pela Companhia Paraibana de G\u00e1s (PBG\u00e1s), sofreu reajuste da tarifa em 9,27%. O aumento\u00a0foi divulgado na edi\u00e7\u00e3o do Di\u00e1rio&hellip; <\/p>\n","protected":false},"author":1,"featured_media":60974,"comment_status":"closed","ping_status":"closed","sticky":false,"template":"","format":"standard","meta":{"sfsi_plus_gutenberg_text_before_share":"","sfsi_plus_gutenberg_show_text_before_share":"","sfsi_plus_gutenberg_icon_type":"","sfsi_plus_gutenberg_icon_alignemt":"","sfsi_plus_gutenburg_max_per_row":"","footnotes":""},"categories":[2],"tags":[],"class_list":["post-60973","post","type-post","status-publish","format-standard","has-post-thumbnail","hentry","category-geral"],"_links":{"self":[{"href":"https:\/\/www.caririemacao.com\/1\/wp-json\/wp\/v2\/posts\/60973","targetHints":{"allow":["GET"]}}],"collection":[{"href":"https:\/\/www.caririemacao.com\/1\/wp-json\/wp\/v2\/posts"}],"about":[{"href":"https:\/\/www.caririemacao.com\/1\/wp-json\/wp\/v2\/types\/post"}],"author":[{"embeddable":true,"href":"https:\/\/www.caririemacao.com\/1\/wp-json\/wp\/v2\/users\/1"}],"replies":[{"embeddable":true,"href":"https:\/\/www.caririemacao.com\/1\/wp-json\/wp\/v2\/comments?post=60973"}],"version-history":[{"count":1,"href":"https:\/\/www.caririemacao.com\/1\/wp-json\/wp\/v2\/posts\/60973\/revisions"}],"predecessor-version":[{"id":60975,"href":"https:\/\/www.caririemacao.com\/1\/wp-json\/wp\/v2\/posts\/60973\/revisions\/60975"}],"wp:featuredmedia":[{"embeddable":true,"href":"https:\/\/www.caririemacao.com\/1\/wp-json\/wp\/v2\/media\/60974"}],"wp:attachment":[{"href":"https:\/\/www.caririemacao.com\/1\/wp-json\/wp\/v2\/media?parent=60973"}],"wp:term":[{"taxonomy":"category","embeddable":true,"href":"https:\/\/www.caririemacao.com\/1\/wp-json\/wp\/v2\/categories?post=60973"},{"taxonomy":"post_tag","embeddable":true,"href":"https:\/\/www.caririemacao.com\/1\/wp-json\/wp\/v2\/tags?post=60973"}],"curies":[{"name":"wp","href":"https:\/\/api.w.org\/{rel}","templated":true}]}}