{"id":60976,"date":"2018-08-11T12:02:36","date_gmt":"2018-08-11T15:02:36","guid":{"rendered":"http:\/\/caririemacao.com\/1\/?p=60976"},"modified":"2018-08-11T12:02:36","modified_gmt":"2018-08-11T15:02:36","slug":"justica-eleitoral-proibe-jingle-eleitoral-em-carros-particulares-e-dita-regras-para-propaganda-de-rua","status":"publish","type":"post","link":"https:\/\/www.caririemacao.com\/1\/2018\/08\/11\/justica-eleitoral-proibe-jingle-eleitoral-em-carros-particulares-e-dita-regras-para-propaganda-de-rua\/","title":{"rendered":"Justi\u00e7a Eleitoral pro\u00edbe jingle eleitoral em carros particulares e dita regras para propaganda de rua"},"content":{"rendered":"<p>O juiz eleitoral Marcos Coelho de Salles, da 76\u00aa Zona Eleitoral, falou sobre as regras discutidas em reuni\u00e3o nesta sexta-feira (10), em Jo\u00e3o Pessoa, para a propaganda de rua na cidade na campanha das elei\u00e7\u00f5es 2018. Um dos exemplos \u00e9 a proibi\u00e7\u00e3o da veicula\u00e7\u00e3o de jingle de candidato por cidad\u00e3o comum. Hoje estiveram reunidos com o juiz Marcos Salles a Associa\u00e7\u00e3o dos Profissionais de Propaganda Volante da Para\u00edba (ASSPROV-PB) e os \u00f3rg\u00e3os ambientais e de fiscaliza\u00e7\u00e3o como a Sudema, Secretaria do Meio Ambiente municipal (Seman), Detran-PB e Semob-JP.<\/p>\n<p>Perguntando pelo rep\u00f3rter da r\u00e1dio Correio sobre o uso, por exemplo, de moto com caixa de som para divulga\u00e7\u00e3o de candidato por cidad\u00e3o comum, o juiz alertou que \u00e1udio com propaganda eleitoral s\u00f3 \u00e9 permitido em carros de som, trios, minitrios legalizados com os \u00f3rg\u00e3os e trios el\u00e9tricos apenas nos com\u00edcios.<\/p>\n<p>Os hor\u00e1rios das propagandas de ruas s\u00e3o das 8h \u00e0s 22h e at\u00e9 meia-noite apenas nos com\u00edcios, com carro de som parado. Os carros de som s\u00f3 poder\u00e3o ser usados em carreatas, passeatas e com\u00edcios.<\/p>\n<p>\u201cO pared\u00e3o foi definitivamente abolido do processo pol\u00edtico eleitoral. O cidad\u00e3o n\u00e3o pode, sequer, abrir a mala do seu carro e divulgar jingle eleitoral porque a lei n\u00e3o permite que o cidad\u00e3o, por si s\u00f3, o fa\u00e7a. O que ele pode fazer \u00e9, se fechar os vidros e n\u00e3o provocar som exterior, ouvir a propaganda do candidato ou do partido ou coliga\u00e7\u00e3o que ele tenha prefer\u00eancia. Mas, abriu a mala e divulgou, vai sofrer o constrangimento da autua\u00e7\u00e3o das autoridades n\u00e3o s\u00f3 da Justi\u00e7a Eleitoral como tamb\u00e9m dos \u00f3rg\u00e3os de Seguran\u00e7a como um todo\u201d, disse o juiz eleitoral Marcos Salles.<\/p>\n<p>O capit\u00e3o Cunha, que \u00e9 coordenador de fiscaliza\u00e7\u00e3o da Sudema, falou sobre a regulamenta\u00e7\u00e3o dos ve\u00edculos que ser\u00e3o usados na propaganda de rua. \u201cO caminho a se percorrer seria a busca no Detran-PB da inspe\u00e7\u00e3o veicular, dizendo que o ve\u00edculo est\u00e1 apto a circular. E com essa autoriza\u00e7\u00e3o, o interessado se dirige \u00e0 Sudema para retirar a licen\u00e7a ambiental. Na Sudema \u00e9 que vai ser feita a aferi\u00e7\u00e3o do som, mediante o que o pr\u00f3prio TSE preconiza sobre os decib\u00e9is, a dist\u00e2ncia da medi\u00e7\u00e3o do som e os crit\u00e9rios de circula\u00e7\u00e3o ou sobre o ve\u00edculo permanecer parado. Antes dessas duas fases o ve\u00edculo n\u00e3o est\u00e1 autorizado a fazer propaganda eleitoral.\u201d<\/p>\n<p>N\u00e3o ser\u00e1 permitida propaganda de rua com ve\u00edculos de tra\u00e7\u00e3o animal, como as carro\u00e7as, lembrou o juiz Marcos Salles.<\/p>\n<p>Na segunda-feira (13), \u00e0s 14h, ser\u00e1 feita a reuni\u00e3o com os \u00f3rg\u00e3os de Seguran\u00e7a P\u00fablica. Na ter\u00e7a-feira (14), o juiz eleitoral se re\u00fane com os partidos. J\u00e1 na segunda-feira (20), ser\u00e3o recebidas as coliga\u00e7\u00f5es e partidos que disputar\u00e3o de forma isolada para a audi\u00eancia com o magistrado.<\/p>\n<p>&nbsp;<\/p>\n<p><strong>ClinkPB\/Foto: Reprodu\u00e7\u00e3o\u00a0<\/strong><\/p>\n<p>Cariri Em A\u00e7\u00e3o<\/p>\n<p>Leia mais not\u00edcias em\u00a0<a href=\"http:\/\/www.caririemacao.com\/\">caririemacao.com<\/a>, siga nossa p\u00e1gina no\u00a0<a href=\"https:\/\/www.facebook.com\/CaririEmAcao\/?ref=aymt_homepage_panel\">Facebook<\/a>,\u00a0<a href=\"https:\/\/www.instagram.com\/cariri_em_acao\/?hl=pt-br\">Instagram<\/a>\u00a0e\u00a0<a href=\"https:\/\/www.youtube.com\/channel\/UCAptA0jQuYQy8vMhLt2m4qg\">Youtube<\/a>\u00a0e veja nossas mat\u00e9rias, v\u00eddeos e fotos. Voc\u00ea tamb\u00e9m pode enviar informa\u00e7\u00f5es \u00e0 Reda\u00e7\u00e3o do Portal Cariri em A\u00e7\u00e3o pelo WhatsApp (83) 9 9634.5791, (83) 9 9601-1162.<\/p>\n","protected":false},"excerpt":{"rendered":"<p>O juiz eleitoral Marcos Coelho de Salles, da 76\u00aa Zona Eleitoral, falou sobre as regras discutidas em reuni\u00e3o nesta sexta-feira (10), em Jo\u00e3o Pessoa, para&hellip; <\/p>\n","protected":false},"author":1,"featured_media":60977,"comment_status":"closed","ping_status":"closed","sticky":false,"template":"","format":"standard","meta":{"sfsi_plus_gutenberg_text_before_share":"","sfsi_plus_gutenberg_show_text_before_share":"","sfsi_plus_gutenberg_icon_type":"","sfsi_plus_gutenberg_icon_alignemt":"","sfsi_plus_gutenburg_max_per_row":"","footnotes":""},"categories":[1],"tags":[],"class_list":["post-60976","post","type-post","status-publish","format-standard","has-post-thumbnail","hentry","category-o-site"],"_links":{"self":[{"href":"https:\/\/www.caririemacao.com\/1\/wp-json\/wp\/v2\/posts\/60976","targetHints":{"allow":["GET"]}}],"collection":[{"href":"https:\/\/www.caririemacao.com\/1\/wp-json\/wp\/v2\/posts"}],"about":[{"href":"https:\/\/www.caririemacao.com\/1\/wp-json\/wp\/v2\/types\/post"}],"author":[{"embeddable":true,"href":"https:\/\/www.caririemacao.com\/1\/wp-json\/wp\/v2\/users\/1"}],"replies":[{"embeddable":true,"href":"https:\/\/www.caririemacao.com\/1\/wp-json\/wp\/v2\/comments?post=60976"}],"version-history":[{"count":1,"href":"https:\/\/www.caririemacao.com\/1\/wp-json\/wp\/v2\/posts\/60976\/revisions"}],"predecessor-version":[{"id":60978,"href":"https:\/\/www.caririemacao.com\/1\/wp-json\/wp\/v2\/posts\/60976\/revisions\/60978"}],"wp:featuredmedia":[{"embeddable":true,"href":"https:\/\/www.caririemacao.com\/1\/wp-json\/wp\/v2\/media\/60977"}],"wp:attachment":[{"href":"https:\/\/www.caririemacao.com\/1\/wp-json\/wp\/v2\/media?parent=60976"}],"wp:term":[{"taxonomy":"category","embeddable":true,"href":"https:\/\/www.caririemacao.com\/1\/wp-json\/wp\/v2\/categories?post=60976"},{"taxonomy":"post_tag","embeddable":true,"href":"https:\/\/www.caririemacao.com\/1\/wp-json\/wp\/v2\/tags?post=60976"}],"curies":[{"name":"wp","href":"https:\/\/api.w.org\/{rel}","templated":true}]}}