{"id":60987,"date":"2018-08-11T13:12:07","date_gmt":"2018-08-11T16:12:07","guid":{"rendered":"http:\/\/caririemacao.com\/1\/?p=60987"},"modified":"2018-08-11T13:13:12","modified_gmt":"2018-08-11T16:13:12","slug":"ciro-registra-candidatura-na-justica-eleitoral-veja-patrimonio","status":"publish","type":"post","link":"https:\/\/www.caririemacao.com\/1\/2018\/08\/11\/ciro-registra-candidatura-na-justica-eleitoral-veja-patrimonio\/","title":{"rendered":"Ciro registra candidatura na Justi\u00e7a Eleitoral; veja patrim\u00f4nio"},"content":{"rendered":"<p>O candidato a presidente pelo PDT, Ciro Gomes, declarou possuir um patrim\u00f4nio total de R$ 1,69 milh\u00e3o em registro feito nesta sexta-feira (10) de sua candidatura ao TSE (Tribunal Superior Eleitoral).<\/p>\n<p>Pela rela\u00e7\u00e3o de bens, disponibilizada pela Justi\u00e7a Eleitoral, ele afirma deter dois ve\u00edculos automotores, cujos valores somam R$ 190 mil, e quatro im\u00f3veis, que totalizam R$ 1,2 milh\u00e3o.<\/p>\n<p>O restante dos recursos, que chega a R$ 298 mil, \u00e9 formado por dep\u00f3sitos banc\u00e1rios, recursos em cr\u00e9ditos e poupan\u00e7as, dep\u00f3sitos e participa\u00e7\u00f5es societ\u00e1rias.<\/p>\n<p>Em 2006, \u00faltima vez que disputou um mandato p\u00fablico, ele havia declarado \u00e0 Justi\u00e7a Eleitoral um patrim\u00f4nio total de R$ 426 mil, que era constitu\u00eddo por um apartamento, um ve\u00edculo e aplica\u00e7\u00f5es financeiras.<\/p>\n<p>J\u00e1 a candidata a vice-presidente do PDT, a senadora K\u00e1tia Abreu (TO), declarou possuir um patrim\u00f4nio total de R$ 2,69 milh\u00f5es, dos quais R$ 694 mil s\u00e3o apenas em im\u00f3veis.<\/p>\n<p>O restante, um montante de R$ 1,99 milh\u00e3o, \u00e9 formado por recursos em caderneta de poupan\u00e7a, cr\u00e9dito de empr\u00e9stimo e participa\u00e7\u00f5es societ\u00e1rias.<\/p>\n<p>Em 2014, quando disputou o cargo de senadora pelo Tocantins, ela havia informado deter um total de R$ 4,13 milh\u00f5es, composto por sete im\u00f3veis e um ve\u00edculo.<\/p>\n<p>At\u00e9 o momento, cinco candidatos a presidente registraram suas candidaturas. Al\u00e9m de Ciro, inscreveram suas chapas Geraldo Alckmin (PSDB), Guilherme Boulos (PSOL), Cabo Daciolo (Patriotas) e Vera L\u00facia (PSTU).<\/p>\n<p>Os postulantes ao Pal\u00e1cio do Planalto t\u00eam prazo at\u00e9 quarta-feira (15) para apresentar a documenta\u00e7\u00e3o.<\/p>\n<p>&nbsp;<\/p>\n<p><strong>Blog do Bruno Dias\/Foto: Reprodu\u00e7\u00e3o\u00a0<\/strong><\/p>\n<p>Cariri Em A\u00e7\u00e3o<\/p>\n<p>Leia mais not\u00edcias em\u00a0<a href=\"http:\/\/www.caririemacao.com\/\">caririemacao.com<\/a>, siga nossa p\u00e1gina no\u00a0<a href=\"https:\/\/www.facebook.com\/CaririEmAcao\/?ref=aymt_homepage_panel\">Facebook<\/a>,\u00a0<a href=\"https:\/\/www.instagram.com\/cariri_em_acao\/?hl=pt-br\">Instagram<\/a>\u00a0e\u00a0<a href=\"https:\/\/www.youtube.com\/channel\/UCAptA0jQuYQy8vMhLt2m4qg\">Youtube<\/a>\u00a0e veja nossas mat\u00e9rias, v\u00eddeos e fotos. Voc\u00ea tamb\u00e9m pode enviar informa\u00e7\u00f5es \u00e0 Reda\u00e7\u00e3o do Portal Cariri em A\u00e7\u00e3o pelo WhatsApp (83) 9 9634.5791, (83) 9 9601-1162.<\/p>\n","protected":false},"excerpt":{"rendered":"<p>O candidato a presidente pelo PDT, Ciro Gomes, declarou possuir um patrim\u00f4nio total de R$ 1,69 milh\u00e3o em registro feito nesta sexta-feira (10) de sua&hellip; <\/p>\n","protected":false},"author":1,"featured_media":56510,"comment_status":"closed","ping_status":"closed","sticky":false,"template":"","format":"standard","meta":{"sfsi_plus_gutenberg_text_before_share":"","sfsi_plus_gutenberg_show_text_before_share":"","sfsi_plus_gutenberg_icon_type":"","sfsi_plus_gutenberg_icon_alignemt":"","sfsi_plus_gutenburg_max_per_row":"","footnotes":""},"categories":[1],"tags":[],"class_list":["post-60987","post","type-post","status-publish","format-standard","has-post-thumbnail","hentry","category-o-site"],"_links":{"self":[{"href":"https:\/\/www.caririemacao.com\/1\/wp-json\/wp\/v2\/posts\/60987","targetHints":{"allow":["GET"]}}],"collection":[{"href":"https:\/\/www.caririemacao.com\/1\/wp-json\/wp\/v2\/posts"}],"about":[{"href":"https:\/\/www.caririemacao.com\/1\/wp-json\/wp\/v2\/types\/post"}],"author":[{"embeddable":true,"href":"https:\/\/www.caririemacao.com\/1\/wp-json\/wp\/v2\/users\/1"}],"replies":[{"embeddable":true,"href":"https:\/\/www.caririemacao.com\/1\/wp-json\/wp\/v2\/comments?post=60987"}],"version-history":[{"count":1,"href":"https:\/\/www.caririemacao.com\/1\/wp-json\/wp\/v2\/posts\/60987\/revisions"}],"predecessor-version":[{"id":60989,"href":"https:\/\/www.caririemacao.com\/1\/wp-json\/wp\/v2\/posts\/60987\/revisions\/60989"}],"wp:featuredmedia":[{"embeddable":true,"href":"https:\/\/www.caririemacao.com\/1\/wp-json\/wp\/v2\/media\/56510"}],"wp:attachment":[{"href":"https:\/\/www.caririemacao.com\/1\/wp-json\/wp\/v2\/media?parent=60987"}],"wp:term":[{"taxonomy":"category","embeddable":true,"href":"https:\/\/www.caririemacao.com\/1\/wp-json\/wp\/v2\/categories?post=60987"},{"taxonomy":"post_tag","embeddable":true,"href":"https:\/\/www.caririemacao.com\/1\/wp-json\/wp\/v2\/tags?post=60987"}],"curies":[{"name":"wp","href":"https:\/\/api.w.org\/{rel}","templated":true}]}}