{"id":60990,"date":"2018-08-11T13:20:47","date_gmt":"2018-08-11T16:20:47","guid":{"rendered":"http:\/\/caririemacao.com\/1\/?p=60990"},"modified":"2018-08-11T13:20:47","modified_gmt":"2018-08-11T16:20:47","slug":"soma-saude-joao-anuncia-programa-para-auxiliar-municipios-no-atendimento-a-atencao-basica","status":"publish","type":"post","link":"https:\/\/www.caririemacao.com\/1\/2018\/08\/11\/soma-saude-joao-anuncia-programa-para-auxiliar-municipios-no-atendimento-a-atencao-basica\/","title":{"rendered":"Soma Sa\u00fade: Jo\u00e3o anuncia programa para auxiliar munic\u00edpios no atendimento \u00e0 aten\u00e7\u00e3o b\u00e1sica"},"content":{"rendered":"<p>O candidato do PSB ao Governo do Estado, Jo\u00e3o Azev\u00eado, anunciou que quer implantar, j\u00e1 a partir do pr\u00f3ximo ano, o Soma Sa\u00fade, programa que vai auxiliar os munic\u00edpios no atendimento \u00e0 aten\u00e7\u00e3o b\u00e1sica da popula\u00e7\u00e3o. Ao lado do deputado federal Luiz Couto (PT), candidato a senador pela coliga\u00e7\u00e3o \u2018A For\u00e7a do Trabalho\u2019, e do governador Ricardo Coutinho, presidente de honra da legenda socialista na Para\u00edba, Jo\u00e3o comandou uma plen\u00e1ria com grande participa\u00e7\u00e3o popular dos bairros dos Estados, Mandacaru, Treze de Maio, Ip\u00eas e Padre Z\u00e9, na noite desta sexta-feira (10)<\/p>\n<p>Jo\u00e3o explicou que o Soma Sa\u00fade ser\u00e1 baseado no programa Soma Educa\u00e7\u00e3o, ao qual o Governo do Estado pactuou com 219 munic\u00edpios diversas a\u00e7\u00f5es, como distribui\u00e7\u00e3o de material did\u00e1tico e de desenvolvimento dos professores, visando a melhoria da alfabetiza\u00e7\u00e3o e do aprendizado dos alunos do 3\u00ba ao 5\u00b0 ano do Ensino Fundamental.<\/p>\n<div class=\"google-auto-placed ap_container\"><ins class=\"adsbygoogle adsbygoogle-noablate\" data-ad-format=\"auto\" data-ad-client=\"ca-pub-1593055478228631\" data-adsbygoogle-status=\"done\"><ins id=\"aswift_3_expand\"><ins id=\"aswift_3_anchor\"><\/ins><\/ins><\/ins>\u201cDa mesma forma que o ensino deve funcionar como um sistema, a sa\u00fade tamb\u00e9m deve e, por isso, vamos implantar o Soma Sa\u00fade e ajudar os munic\u00edpios no atendimento \u00e0 aten\u00e7\u00e3o b\u00e1sica, desafogando a rede de hospitais do Estado. Temos a compreens\u00e3o clara de que Governo do Estado e os munic\u00edpios n\u00e3o precisam entrar na disputa pequena e mi\u00fada, pois o que o cidad\u00e3o precisa mesmo \u00e9 ter um bom atendimento e uma melhor qualidade de vida\u201d, pontuou.<\/div>\n<p>Jo\u00e3o destacou, ainda, que a Para\u00edba \u00e9 hoje um Estado \u201cmais vivo, que ferve com obras\u201d em hospitais, escolas, estradas e adutoras. \u201c\u00c9 muito bom quando o extraordin\u00e1rio come\u00e7a a se tornar comum. Hoje, a Para\u00edba experimenta o \u2018C\u00edrculo do Cora\u00e7\u00e3o\u2019, um programa criado pelo companheiro Ricardo Coutinho que trata de crian\u00e7as cardiopatas. Para se ter ideia, esse programa j\u00e1 salvou mais de 2 mil crian\u00e7as, que se livraram da temida \u2018fila da morte\u2019 que existia antes do governo do PSB neste Estado. Cada fala nossa n\u00e3o s\u00e3o promessas, s\u00e3o compromissos firmados com a popula\u00e7\u00e3o, porque precisamos dar continuidade a esse trabalho.\u201d<\/p>\n<div class=\"google-auto-placed ap_container\"><ins class=\"adsbygoogle adsbygoogle-noablate\" data-ad-format=\"auto\" data-ad-client=\"ca-pub-1593055478228631\" data-adsbygoogle-status=\"done\"><ins id=\"aswift_4_expand\"><ins id=\"aswift_4_anchor\"><\/ins><\/ins><\/ins>J\u00e1 o governador Ricardo Coutinho afirmou que, como cidad\u00e3o, quer que a Para\u00edba esteja cada vez melhor, com um gestor que fa\u00e7a mais e mais pelo povo. \u201cCada obra desse Estado passou pelas m\u00e3os, o olhar e o talento de Jo\u00e3o Azev\u00eado. O Jo\u00e3o das \u00e1guas e dos 1.500 quil\u00f4metros de adutoras, o Jo\u00e3o das 54 estradas, o Jo\u00e3o das 12 escolas t\u00e9cnicas e o Jo\u00e3o dos 14 hospitais constru\u00eddos. A Para\u00edba precisa de um pr\u00f3ximo governador honesto, capaz e eficiente para melhorar cada vez mais a qualidade de vida do nosso povo\u201d, discursou.<\/div>\n<p>Presente \u00e0 plen\u00e1ria, o l\u00edder comunit\u00e1rio de Mandacaru, Jardel Cabral, lamentou o abandono da atual gest\u00e3o da Prefeitura da Capital aos bairros de Mandacaru e Alto do C\u00e9u. \u201cN\u00f3s sentimos bastante nesses \u00faltimos seis anos, porque quando Ricardo Coutinho foi prefeito, cal\u00e7ou ruas, construiu PSF e uma escola padr\u00e3o. Ricardo efetivamente dialogava com a popula\u00e7\u00e3o nas plen\u00e1rias do Or\u00e7amento Democr\u00e1tico, muito diferente do que ocorre hoje com o atual prefeito. Temos que preservar todas essas conquistas do povo de Joao Pessoa e da Para\u00edba. Elegendo Jo\u00e3o governador, teremos a certeza de que nosso Estado vai continuar avan\u00e7ando\u201d, destacou.<\/p>\n<p>Al\u00e9m de Jo\u00e3o, Luiz Couto e Ricardo, a plen\u00e1ria contou ainda om a participa\u00e7\u00e3o dos candidatos a deputado federal Gerv\u00e1sio Maia (PSB), Frei Anast\u00e1cio (PT), Nonato Bandeira (PPS), Sandra Marrocos (PSB) e L\u00eddia Moura (PMN); e dos candidatos \u00e0 Assembleia Legislativa da Para\u00edba, Jo\u00e3o Gon\u00e7alves (Podemos), Ricardo Barbosa (PSB), Cida Ramos (PSB), Fran\u00e7ualdo (PCdoB), Marcelo do Mercadinho (PT).<\/p>\n<p>&nbsp;<\/p>\n<p><strong>Para\u00edba J\u00e1\/Foto: Reprodu\u00e7\u00e3o\u00a0<\/strong><\/p>\n<p>Cariri Em A\u00e7\u00e3o<\/p>\n<p>Leia mais not\u00edcias em\u00a0<a href=\"http:\/\/www.caririemacao.com\/\">caririemacao.com<\/a>, siga nossa p\u00e1gina no\u00a0<a href=\"https:\/\/www.facebook.com\/CaririEmAcao\/?ref=aymt_homepage_panel\">Facebook<\/a>,\u00a0<a href=\"https:\/\/www.instagram.com\/cariri_em_acao\/?hl=pt-br\">Instagram<\/a>\u00a0e\u00a0<a href=\"https:\/\/www.youtube.com\/channel\/UCAptA0jQuYQy8vMhLt2m4qg\">Youtube<\/a>\u00a0e veja nossas mat\u00e9rias, v\u00eddeos e fotos. Voc\u00ea tamb\u00e9m pode enviar informa\u00e7\u00f5es \u00e0 Reda\u00e7\u00e3o do Portal Cariri em A\u00e7\u00e3o pelo WhatsApp (83) 9 9634.5791, (83) 9 9601-1162.<\/p>\n","protected":false},"excerpt":{"rendered":"<p>O candidato do PSB ao Governo do Estado, Jo\u00e3o Azev\u00eado, anunciou que quer implantar, j\u00e1 a partir do pr\u00f3ximo ano, o Soma Sa\u00fade, programa que&hellip; <\/p>\n","protected":false},"author":1,"featured_media":57386,"comment_status":"closed","ping_status":"closed","sticky":false,"template":"","format":"standard","meta":{"sfsi_plus_gutenberg_text_before_share":"","sfsi_plus_gutenberg_show_text_before_share":"","sfsi_plus_gutenberg_icon_type":"","sfsi_plus_gutenberg_icon_alignemt":"","sfsi_plus_gutenburg_max_per_row":"","footnotes":""},"categories":[1],"tags":[],"class_list":["post-60990","post","type-post","status-publish","format-standard","has-post-thumbnail","hentry","category-o-site"],"_links":{"self":[{"href":"https:\/\/www.caririemacao.com\/1\/wp-json\/wp\/v2\/posts\/60990","targetHints":{"allow":["GET"]}}],"collection":[{"href":"https:\/\/www.caririemacao.com\/1\/wp-json\/wp\/v2\/posts"}],"about":[{"href":"https:\/\/www.caririemacao.com\/1\/wp-json\/wp\/v2\/types\/post"}],"author":[{"embeddable":true,"href":"https:\/\/www.caririemacao.com\/1\/wp-json\/wp\/v2\/users\/1"}],"replies":[{"embeddable":true,"href":"https:\/\/www.caririemacao.com\/1\/wp-json\/wp\/v2\/comments?post=60990"}],"version-history":[{"count":1,"href":"https:\/\/www.caririemacao.com\/1\/wp-json\/wp\/v2\/posts\/60990\/revisions"}],"predecessor-version":[{"id":60991,"href":"https:\/\/www.caririemacao.com\/1\/wp-json\/wp\/v2\/posts\/60990\/revisions\/60991"}],"wp:featuredmedia":[{"embeddable":true,"href":"https:\/\/www.caririemacao.com\/1\/wp-json\/wp\/v2\/media\/57386"}],"wp:attachment":[{"href":"https:\/\/www.caririemacao.com\/1\/wp-json\/wp\/v2\/media?parent=60990"}],"wp:term":[{"taxonomy":"category","embeddable":true,"href":"https:\/\/www.caririemacao.com\/1\/wp-json\/wp\/v2\/categories?post=60990"},{"taxonomy":"post_tag","embeddable":true,"href":"https:\/\/www.caririemacao.com\/1\/wp-json\/wp\/v2\/tags?post=60990"}],"curies":[{"name":"wp","href":"https:\/\/api.w.org\/{rel}","templated":true}]}}