{"id":60992,"date":"2018-08-11T13:24:33","date_gmt":"2018-08-11T16:24:33","guid":{"rendered":"http:\/\/caririemacao.com\/1\/?p=60992"},"modified":"2018-08-11T13:26:16","modified_gmt":"2018-08-11T16:26:16","slug":"policia-prende-suspeitos-e-recupera-carro-roubado-em-operacao-na-grande-joao-pessoa","status":"publish","type":"post","link":"https:\/\/www.caririemacao.com\/1\/2018\/08\/11\/policia-prende-suspeitos-e-recupera-carro-roubado-em-operacao-na-grande-joao-pessoa\/","title":{"rendered":"Pol\u00edcia prende suspeitos e recupera carro roubado em opera\u00e7\u00e3o na Grande Jo\u00e3o Pessoa"},"content":{"rendered":"<p style=\"font-weight: 400;\">A Pol\u00edcia Militar recuperou um carro roubado e prendeu dois suspeitos, na noite dessa sexta-feira (10), durante a realiza\u00e7\u00e3o da 30\u00aa Opera\u00e7\u00e3o Impacto, no munic\u00edpio de Santa Rita. As a\u00e7\u00f5es aconteceram durante as atividades da PM com a realiza\u00e7\u00e3o de blitzen, abordagens e ocupa\u00e7\u00e3o de comunidades.<\/p>\n<p style=\"font-weight: 400;\">No bairro de Heitel Santiago, os policiais do 7\u00ba Batalh\u00e3o abordaram um homem que estava com um ve\u00edculo clonado. A partir da verifica\u00e7\u00e3o do n\u00famero do chassi, os policiais constataram que o A Pol\u00edcia Militar recuperou um carro roubado e prendeu dois suspeitos, na noite dessa sexta-feira (10), durante a realiza\u00e7\u00e3o da 30\u00aa Opera\u00e7\u00e3o Impacto, no munic\u00edpio de Santa Rita. As a\u00e7\u00f5es aconteceram durante as atividades da PM com a realiza\u00e7\u00e3o de blitzen, abordagens e ocupa\u00e7\u00e3o de comunidades.<\/p>\n<p>No bairro de Heitel Santiago, os policiais do 7\u00ba Batalh\u00e3o abordaram um homem que estava com um ve\u00edculo clonado. A partir da verifica\u00e7\u00e3o do n\u00famero do chassi, os policiais constataram que o carro tinha registro de roubo. O suspeito, de 36 anos de idade, foi levado, junto com o ve\u00edculo, para a 6\u00aa Delegacia Distrital onde foi autuado por recepta\u00e7\u00e3o.<\/p>\n<p>Em Tibiri, ap\u00f3s uma abordagem a uma dupla de motocicleta, os policiais da For\u00e7a T\u00e1tica constataram que o carona da moto, um homem de 21 anos, tinha um mandado de pris\u00e3o expedido contra ele. O suspeito foi conduzido para a 6\u00aa DD.<\/p>\n<p><b><strong>A Opera\u00e7\u00e3o<\/strong><\/b><\/p>\n<p>A Impacto \u00e9 uma das mais atuantes opera\u00e7\u00f5es da Pol\u00edcia Militar da Para\u00edba. Com efetivo formado basicamente por policiais de tropas especializadas, a opera\u00e7\u00e3o ocupa locais indicados pela intelig\u00eancia e estat\u00edstica, com atua\u00e7\u00e3o para prevenir roubos, crimes contra a vida e combater o tr\u00e1fico, o uso ilegal de armas de fogo, entre outros.<\/p>\n<p>&nbsp;<\/p>\n<p><strong>Para\u00edba Online\/Foto: Reprodu\u00e7\u00e3o\u00a0<\/strong><\/p>\n<p>Cariri Em A\u00e7\u00e3o<\/p>\n<p>Leia mais not\u00edcias em\u00a0<a href=\"http:\/\/www.caririemacao.com\/\">caririemacao.com<\/a>, siga nossa p\u00e1gina no\u00a0<a href=\"https:\/\/www.facebook.com\/CaririEmAcao\/?ref=aymt_homepage_panel\">Facebook<\/a>,\u00a0<a href=\"https:\/\/www.instagram.com\/cariri_em_acao\/?hl=pt-br\">Instagram<\/a>\u00a0e\u00a0<a href=\"https:\/\/www.youtube.com\/channel\/UCAptA0jQuYQy8vMhLt2m4qg\">Youtube<\/a>\u00a0e veja nossas mat\u00e9rias, v\u00eddeos e fotos. Voc\u00ea tamb\u00e9m pode enviar informa\u00e7\u00f5es \u00e0 Reda\u00e7\u00e3o do Portal Cariri em A\u00e7\u00e3o pelo WhatsApp (83) 9 9634.5791, (83) 9 9601-1162.<\/p>\n","protected":false},"excerpt":{"rendered":"<p>A Pol\u00edcia Militar recuperou um carro roubado e prendeu dois suspeitos, na noite dessa sexta-feira (10), durante a realiza\u00e7\u00e3o da 30\u00aa Opera\u00e7\u00e3o Impacto, no munic\u00edpio&hellip; <\/p>\n","protected":false},"author":1,"featured_media":41593,"comment_status":"closed","ping_status":"closed","sticky":false,"template":"","format":"standard","meta":{"sfsi_plus_gutenberg_text_before_share":"","sfsi_plus_gutenberg_show_text_before_share":"","sfsi_plus_gutenberg_icon_type":"","sfsi_plus_gutenberg_icon_alignemt":"","sfsi_plus_gutenburg_max_per_row":"","footnotes":""},"categories":[12],"tags":[],"class_list":["post-60992","post","type-post","status-publish","format-standard","has-post-thumbnail","hentry","category-policia"],"_links":{"self":[{"href":"https:\/\/www.caririemacao.com\/1\/wp-json\/wp\/v2\/posts\/60992","targetHints":{"allow":["GET"]}}],"collection":[{"href":"https:\/\/www.caririemacao.com\/1\/wp-json\/wp\/v2\/posts"}],"about":[{"href":"https:\/\/www.caririemacao.com\/1\/wp-json\/wp\/v2\/types\/post"}],"author":[{"embeddable":true,"href":"https:\/\/www.caririemacao.com\/1\/wp-json\/wp\/v2\/users\/1"}],"replies":[{"embeddable":true,"href":"https:\/\/www.caririemacao.com\/1\/wp-json\/wp\/v2\/comments?post=60992"}],"version-history":[{"count":3,"href":"https:\/\/www.caririemacao.com\/1\/wp-json\/wp\/v2\/posts\/60992\/revisions"}],"predecessor-version":[{"id":60995,"href":"https:\/\/www.caririemacao.com\/1\/wp-json\/wp\/v2\/posts\/60992\/revisions\/60995"}],"wp:featuredmedia":[{"embeddable":true,"href":"https:\/\/www.caririemacao.com\/1\/wp-json\/wp\/v2\/media\/41593"}],"wp:attachment":[{"href":"https:\/\/www.caririemacao.com\/1\/wp-json\/wp\/v2\/media?parent=60992"}],"wp:term":[{"taxonomy":"category","embeddable":true,"href":"https:\/\/www.caririemacao.com\/1\/wp-json\/wp\/v2\/categories?post=60992"},{"taxonomy":"post_tag","embeddable":true,"href":"https:\/\/www.caririemacao.com\/1\/wp-json\/wp\/v2\/tags?post=60992"}],"curies":[{"name":"wp","href":"https:\/\/api.w.org\/{rel}","templated":true}]}}