{"id":61008,"date":"2018-08-11T16:22:45","date_gmt":"2018-08-11T19:22:45","guid":{"rendered":"http:\/\/caririemacao.com\/1\/?p=61008"},"modified":"2018-08-11T16:22:45","modified_gmt":"2018-08-11T19:22:45","slug":"luiz-couto-afirma-que-joao-e-o-unico-capaz-de-manter-o-projeto-implantando-por-ricardo","status":"publish","type":"post","link":"https:\/\/www.caririemacao.com\/1\/2018\/08\/11\/luiz-couto-afirma-que-joao-e-o-unico-capaz-de-manter-o-projeto-implantando-por-ricardo\/","title":{"rendered":"Luiz Couto afirma que Jo\u00e3o \u00e9 o \u00fanico capaz de manter o projeto implantando por Ricardo"},"content":{"rendered":"<p>Candidato a senador pela coliga\u00e7\u00e3o \u2018A For\u00e7a do Trabalho\u2019, o deputado federal Luiz Couto (PT) afirmou que os paraibanos t\u00eam tr\u00eas miss\u00f5es importantes neste ano: a primeira \u00e9 eleger Lula (PT) presidente, a segunda \u00e9 eleger Jo\u00e3o Azev\u00eado govenador e a terceira \u00e9 escolher ele e Veneziano Vital (PSB) como representantes da Para\u00edba no Senado Federal.<\/p>\n<p>Ao lado de Jo\u00e3o e do governador Ricardo Coutinho (PSB), Luiz Couto participou, na noite desta sexta-feira (10), de uma plen\u00e1ria popular que reuniu centenas de moradores dos bairros dos Estados, Ip\u00eas, Treze de Maio, Mandacaru e Padre Z\u00e9. O deputado revelou que, por onde tem andado, as pessoas s\u00f3 falam bem do candidato do PSB ao Governo da Para\u00edba.<\/p>\n<p>\u201cEstive em Itaporanga e regi\u00e3o e o que mais escutei foi a frase: em Jo\u00e3o a gente acredita. As pessoas acreditam porque sabem que Jo\u00e3o conhece profundamente a Para\u00edba; elas sabem que ele \u00e9 capaz, porque j\u00e1 demonstrou isso com as estradas, as adutoras, os hospitais e as escolas t\u00e9cnicas feitas por toda a Para\u00edba. \u00c9 de Jo\u00e3o que a Paraiba precisa; ele \u00e9 o \u00fanico capaz de manter o projeto implantado por Ricardo\u201d, enfatizou.<\/p>\n<p>Luiz Couto tamb\u00e9m aproveitou sua fala na plen\u00e1ria para lamentar a persegui\u00e7\u00e3o que o Governo da Para\u00edba sofre do presidente Michel Temer (MDB). \u201cDesde que Temer assumiu a Presid\u00eancia da Rep\u00fablica, a Para\u00edba parou de receber recursos federais. Mesmo assim, Ricardo e Jo\u00e3o conseguiram realizar obras importantes, como as 12 novas escolas t\u00e9cnicas estaduais, que est\u00e3o oferecendo aos estudantes uma nova profiss\u00e3o\u201d, observou.<\/p>\n<p>J\u00e1 o governador Ricardo Coutinho ressaltou a qualidade da chapa formada por Jo\u00e3o, L\u00edgia Feliciano (PDT) \u2013 candidata a vice-governadora -, Veneziano e Luiz Couto. \u201cS\u00e3o pessoas que podem andar de cabe\u00e7a erguida por serem honestas e decentes, condi\u00e7\u00f5es fundamentais, n\u00e3o apenas na pol\u00edtica, mas na vida\u201d, destacou.<\/p>\n<p>\u201cA Para\u00edba vai levar a Bras\u00edlia uma representa\u00e7\u00e3o a sua altura, com senadores antenados, convergentes e sens\u00edveis ao que a popula\u00e7\u00e3o brasileira tem cobrado de seus representantes. O povo n\u00e3o vai dar mais um mandato para os que conspiraram contra a democracia e votaram contra os trabalhadores, aprovando uma Reforma Trabalhista que s\u00f3 aprofundou o desemprego e as desigualdades do pa\u00eds\u201d, completou Ricardo.<\/p>\n<div class=\"google-auto-placed ap_container\"><\/div>\n<div><strong>Para\u00edba j\u00e1\/Foto: Reprodu\u00e7\u00e3o\u00a0<\/strong><\/div>\n<div>\n<p>Cariri Em A\u00e7\u00e3o<\/p>\n<p>Leia mais not\u00edcias em\u00a0<a href=\"http:\/\/www.caririemacao.com\/\">caririemacao.com<\/a>, siga nossa p\u00e1gina no\u00a0<a href=\"https:\/\/www.facebook.com\/CaririEmAcao\/?ref=aymt_homepage_panel\">Facebook<\/a>,\u00a0<a href=\"https:\/\/www.instagram.com\/cariri_em_acao\/?hl=pt-br\">Instagram<\/a>\u00a0e\u00a0<a href=\"https:\/\/www.youtube.com\/channel\/UCAptA0jQuYQy8vMhLt2m4qg\">Youtube<\/a>\u00a0e veja nossas mat\u00e9rias, v\u00eddeos e fotos. Voc\u00ea tamb\u00e9m pode enviar informa\u00e7\u00f5es \u00e0 Reda\u00e7\u00e3o do Portal Cariri em A\u00e7\u00e3o pelo WhatsApp (83) 9 9634.5791, (83) 9 9601-1162.<\/p>\n<\/div>\n","protected":false},"excerpt":{"rendered":"<p>Candidato a senador pela coliga\u00e7\u00e3o \u2018A For\u00e7a do Trabalho\u2019, o deputado federal Luiz Couto (PT) afirmou que os paraibanos t\u00eam tr\u00eas miss\u00f5es importantes neste ano:&hellip; <\/p>\n","protected":false},"author":1,"featured_media":61009,"comment_status":"closed","ping_status":"closed","sticky":false,"template":"","format":"standard","meta":{"sfsi_plus_gutenberg_text_before_share":"","sfsi_plus_gutenberg_show_text_before_share":"","sfsi_plus_gutenberg_icon_type":"","sfsi_plus_gutenberg_icon_alignemt":"","sfsi_plus_gutenburg_max_per_row":"","footnotes":""},"categories":[1],"tags":[],"class_list":["post-61008","post","type-post","status-publish","format-standard","has-post-thumbnail","hentry","category-o-site"],"_links":{"self":[{"href":"https:\/\/www.caririemacao.com\/1\/wp-json\/wp\/v2\/posts\/61008","targetHints":{"allow":["GET"]}}],"collection":[{"href":"https:\/\/www.caririemacao.com\/1\/wp-json\/wp\/v2\/posts"}],"about":[{"href":"https:\/\/www.caririemacao.com\/1\/wp-json\/wp\/v2\/types\/post"}],"author":[{"embeddable":true,"href":"https:\/\/www.caririemacao.com\/1\/wp-json\/wp\/v2\/users\/1"}],"replies":[{"embeddable":true,"href":"https:\/\/www.caririemacao.com\/1\/wp-json\/wp\/v2\/comments?post=61008"}],"version-history":[{"count":1,"href":"https:\/\/www.caririemacao.com\/1\/wp-json\/wp\/v2\/posts\/61008\/revisions"}],"predecessor-version":[{"id":61010,"href":"https:\/\/www.caririemacao.com\/1\/wp-json\/wp\/v2\/posts\/61008\/revisions\/61010"}],"wp:featuredmedia":[{"embeddable":true,"href":"https:\/\/www.caririemacao.com\/1\/wp-json\/wp\/v2\/media\/61009"}],"wp:attachment":[{"href":"https:\/\/www.caririemacao.com\/1\/wp-json\/wp\/v2\/media?parent=61008"}],"wp:term":[{"taxonomy":"category","embeddable":true,"href":"https:\/\/www.caririemacao.com\/1\/wp-json\/wp\/v2\/categories?post=61008"},{"taxonomy":"post_tag","embeddable":true,"href":"https:\/\/www.caririemacao.com\/1\/wp-json\/wp\/v2\/tags?post=61008"}],"curies":[{"name":"wp","href":"https:\/\/api.w.org\/{rel}","templated":true}]}}