{"id":61032,"date":"2018-08-11T20:16:36","date_gmt":"2018-08-11T23:16:36","guid":{"rendered":"http:\/\/caririemacao.com\/1\/?p=61032"},"modified":"2018-08-11T20:17:32","modified_gmt":"2018-08-11T23:17:32","slug":"juri-de-acusado-de-assassinato-e-cancelado-apos-ameacas-a-jurados-em-cidade-do-cariri","status":"publish","type":"post","link":"https:\/\/www.caririemacao.com\/1\/2018\/08\/11\/juri-de-acusado-de-assassinato-e-cancelado-apos-ameacas-a-jurados-em-cidade-do-cariri\/","title":{"rendered":"J\u00fari de acusado de assassinato \u00e9 cancelado ap\u00f3s amea\u00e7as a jurados em cidade do Cariri"},"content":{"rendered":"<p>O j\u00fari popular de\u00a0Fernando Cordeiro (foto), acusado de\u00a0assassinar a tiros o adolescente, Felipe\u00a0Brito, 17 anos, crime\u00a0 ocorrido em\u00a0dezembro de 2016, no bairro Chico\u00a0Pereira, foi cancelado nesta quarta-feira\u00a0(8).<\/p>\n<p>O motivo do cancelamento se deve a\u00a0um pedido do Minist\u00e9rio P\u00fablico (MP)\u00a0atrav\u00e9s do promotor de Justi\u00e7a, doutor\u00a0Barroso, que alegou que alguns jurados\u00a0sofreram amea\u00e7as via mensagens de\u00a0celular.<\/p>\n<p>A ju\u00edza da Comarca, doutora Francilene,\u00a0acatou o pedido de cancelamento e\u00a0ordenou que seja realizada uma\u00a0minuciosa investiga\u00e7\u00e3o para apurar de\u00a0onde partiram as amea\u00e7as.\u00a0A sess\u00e3o ainda chegou a ser iniciada no\u00a0 f\u00f3rum de Soledade, mas foi cancelado em seguida ap\u00f3s\u00a0alguns jurados passarem mal.<\/p>\n<p>Fernandinho est\u00e1 preso desde o dia 25 de dezembro de 2016.\u00a0Outro j\u00fari deve ser marcado, mas a Justi\u00e7a ainda n\u00e3o\u00a0 informou a data.<\/p>\n<p>&nbsp;<\/p>\n<p><strong>Vitrine do Cariri\/Foto: Reprodu\u00e7\u00e3o\u00a0<\/strong><\/p>\n<p>Cariri Em A\u00e7\u00e3o<\/p>\n<p>Leia mais not\u00edcias em\u00a0<a href=\"http:\/\/www.caririemacao.com\/\">caririemacao.com<\/a>, siga nossa p\u00e1gina no\u00a0<a href=\"https:\/\/www.facebook.com\/CaririEmAcao\/?ref=aymt_homepage_panel\">Facebook<\/a>,\u00a0<a href=\"https:\/\/www.instagram.com\/cariri_em_acao\/?hl=pt-br\">Instagram<\/a>\u00a0e\u00a0<a href=\"https:\/\/www.youtube.com\/channel\/UCAptA0jQuYQy8vMhLt2m4qg\">Youtube<\/a>\u00a0e veja nossas mat\u00e9rias, v\u00eddeos e fotos. Voc\u00ea tamb\u00e9m pode enviar informa\u00e7\u00f5es \u00e0 Reda\u00e7\u00e3o do Portal Cariri em A\u00e7\u00e3o pelo WhatsApp (83) 9 9634.5791, (83) 9 9601-1162.<\/p>\n","protected":false},"excerpt":{"rendered":"<p>O j\u00fari popular de\u00a0Fernando Cordeiro (foto), acusado de\u00a0assassinar a tiros o adolescente, Felipe\u00a0Brito, 17 anos, crime\u00a0 ocorrido em\u00a0dezembro de 2016, no bairro Chico\u00a0Pereira, foi cancelado&hellip; <\/p>\n","protected":false},"author":1,"featured_media":61033,"comment_status":"closed","ping_status":"closed","sticky":false,"template":"","format":"standard","meta":{"sfsi_plus_gutenberg_text_before_share":"","sfsi_plus_gutenberg_show_text_before_share":"","sfsi_plus_gutenberg_icon_type":"","sfsi_plus_gutenberg_icon_alignemt":"","sfsi_plus_gutenburg_max_per_row":"","footnotes":""},"categories":[12],"tags":[],"class_list":["post-61032","post","type-post","status-publish","format-standard","has-post-thumbnail","hentry","category-policia"],"_links":{"self":[{"href":"https:\/\/www.caririemacao.com\/1\/wp-json\/wp\/v2\/posts\/61032","targetHints":{"allow":["GET"]}}],"collection":[{"href":"https:\/\/www.caririemacao.com\/1\/wp-json\/wp\/v2\/posts"}],"about":[{"href":"https:\/\/www.caririemacao.com\/1\/wp-json\/wp\/v2\/types\/post"}],"author":[{"embeddable":true,"href":"https:\/\/www.caririemacao.com\/1\/wp-json\/wp\/v2\/users\/1"}],"replies":[{"embeddable":true,"href":"https:\/\/www.caririemacao.com\/1\/wp-json\/wp\/v2\/comments?post=61032"}],"version-history":[{"count":2,"href":"https:\/\/www.caririemacao.com\/1\/wp-json\/wp\/v2\/posts\/61032\/revisions"}],"predecessor-version":[{"id":61035,"href":"https:\/\/www.caririemacao.com\/1\/wp-json\/wp\/v2\/posts\/61032\/revisions\/61035"}],"wp:featuredmedia":[{"embeddable":true,"href":"https:\/\/www.caririemacao.com\/1\/wp-json\/wp\/v2\/media\/61033"}],"wp:attachment":[{"href":"https:\/\/www.caririemacao.com\/1\/wp-json\/wp\/v2\/media?parent=61032"}],"wp:term":[{"taxonomy":"category","embeddable":true,"href":"https:\/\/www.caririemacao.com\/1\/wp-json\/wp\/v2\/categories?post=61032"},{"taxonomy":"post_tag","embeddable":true,"href":"https:\/\/www.caririemacao.com\/1\/wp-json\/wp\/v2\/tags?post=61032"}],"curies":[{"name":"wp","href":"https:\/\/api.w.org\/{rel}","templated":true}]}}