{"id":61036,"date":"2018-08-11T20:28:27","date_gmt":"2018-08-11T23:28:27","guid":{"rendered":"http:\/\/caririemacao.com\/1\/?p=61036"},"modified":"2018-08-11T20:28:27","modified_gmt":"2018-08-11T23:28:27","slug":"ex-deputado-federal-evaldo-goncalves-apoia-alvaro-neto-por-identificacao-do-mesmo-com-o-cariri","status":"publish","type":"post","link":"https:\/\/www.caririemacao.com\/1\/2018\/08\/11\/ex-deputado-federal-evaldo-goncalves-apoia-alvaro-neto-por-identificacao-do-mesmo-com-o-cariri\/","title":{"rendered":"Ex-deputado federal Evaldo Gon\u00e7alves apoia \u00c1lvaro Neto por identifica\u00e7\u00e3o do mesmo com o Cariri"},"content":{"rendered":"<p>\u201cNeste ano de 2018, tomei a decis\u00e3o de votar em \u00c1lvaro Neto para deputado federal porque o idenfico como o representante com maior conhecimento sobre as necessidades e reivindica\u00e7\u00f5es do Cariri paraibano e tantas lutas do povo paraibano\u201d, revelou em entrevista ao Portal WSCOM, o ex-presidente da Assembl\u00e9ia Legislativa e ex-deputado federal Evaldo Gon\u00e7alves.<\/p>\n<p>Para o lider politico, \u201cas grandes dificuldades enfrentadas pelo nosso Cariri querido, mas muito sofrido, exigem que precisamos ter gente comprometida com suas grandes lutas\u201d.<\/p>\n<p>Evaldo entende que \u201c\u00c1lvaro Neto pela experi\u00eancia comprovada que tem, Ficha Limpa, tem todas as condi\u00e7\u00f5es para defender nossa gente\u201d.<\/p>\n<p>&nbsp;<\/p>\n<p><strong>Vitrine do Cariri\/Foto: Reprodu\u00e7\u00e3o\u00a0<\/strong><\/p>\n<p>Cariri Em A\u00e7\u00e3o<\/p>\n<p>Leia mais not\u00edcias em\u00a0<a href=\"http:\/\/www.caririemacao.com\/\">caririemacao.com<\/a>, siga nossa p\u00e1gina no\u00a0<a href=\"https:\/\/www.facebook.com\/CaririEmAcao\/?ref=aymt_homepage_panel\">Facebook<\/a>,\u00a0<a href=\"https:\/\/www.instagram.com\/cariri_em_acao\/?hl=pt-br\">Instagram<\/a>\u00a0e\u00a0<a href=\"https:\/\/www.youtube.com\/channel\/UCAptA0jQuYQy8vMhLt2m4qg\">Youtube<\/a>\u00a0e veja nossas mat\u00e9rias, v\u00eddeos e fotos. Voc\u00ea tamb\u00e9m pode enviar informa\u00e7\u00f5es \u00e0 Reda\u00e7\u00e3o do Portal Cariri em A\u00e7\u00e3o pelo WhatsApp (83) 9 9634.5791, (83) 9 9601-1162.<\/p>\n","protected":false},"excerpt":{"rendered":"<p>\u201cNeste ano de 2018, tomei a decis\u00e3o de votar em \u00c1lvaro Neto para deputado federal porque o idenfico como o representante com maior conhecimento sobre&hellip; <\/p>\n","protected":false},"author":1,"featured_media":61037,"comment_status":"closed","ping_status":"closed","sticky":false,"template":"","format":"standard","meta":{"sfsi_plus_gutenberg_text_before_share":"","sfsi_plus_gutenberg_show_text_before_share":"","sfsi_plus_gutenberg_icon_type":"","sfsi_plus_gutenberg_icon_alignemt":"","sfsi_plus_gutenburg_max_per_row":"","footnotes":""},"categories":[1],"tags":[],"class_list":["post-61036","post","type-post","status-publish","format-standard","has-post-thumbnail","hentry","category-o-site"],"_links":{"self":[{"href":"https:\/\/www.caririemacao.com\/1\/wp-json\/wp\/v2\/posts\/61036","targetHints":{"allow":["GET"]}}],"collection":[{"href":"https:\/\/www.caririemacao.com\/1\/wp-json\/wp\/v2\/posts"}],"about":[{"href":"https:\/\/www.caririemacao.com\/1\/wp-json\/wp\/v2\/types\/post"}],"author":[{"embeddable":true,"href":"https:\/\/www.caririemacao.com\/1\/wp-json\/wp\/v2\/users\/1"}],"replies":[{"embeddable":true,"href":"https:\/\/www.caririemacao.com\/1\/wp-json\/wp\/v2\/comments?post=61036"}],"version-history":[{"count":1,"href":"https:\/\/www.caririemacao.com\/1\/wp-json\/wp\/v2\/posts\/61036\/revisions"}],"predecessor-version":[{"id":61038,"href":"https:\/\/www.caririemacao.com\/1\/wp-json\/wp\/v2\/posts\/61036\/revisions\/61038"}],"wp:featuredmedia":[{"embeddable":true,"href":"https:\/\/www.caririemacao.com\/1\/wp-json\/wp\/v2\/media\/61037"}],"wp:attachment":[{"href":"https:\/\/www.caririemacao.com\/1\/wp-json\/wp\/v2\/media?parent=61036"}],"wp:term":[{"taxonomy":"category","embeddable":true,"href":"https:\/\/www.caririemacao.com\/1\/wp-json\/wp\/v2\/categories?post=61036"},{"taxonomy":"post_tag","embeddable":true,"href":"https:\/\/www.caririemacao.com\/1\/wp-json\/wp\/v2\/tags?post=61036"}],"curies":[{"name":"wp","href":"https:\/\/api.w.org\/{rel}","templated":true}]}}