{"id":61039,"date":"2018-08-11T20:33:58","date_gmt":"2018-08-11T23:33:58","guid":{"rendered":"http:\/\/caririemacao.com\/1\/?p=61039"},"modified":"2018-08-11T20:33:58","modified_gmt":"2018-08-11T23:33:58","slug":"projeto-da-ufcg-em-sume-recebe-premio-afrafep-de-educacao-fiscal-2018","status":"publish","type":"post","link":"https:\/\/www.caririemacao.com\/1\/2018\/08\/11\/projeto-da-ufcg-em-sume-recebe-premio-afrafep-de-educacao-fiscal-2018\/","title":{"rendered":"Projeto da UFCG em Sum\u00e9 recebe Pr\u00eamio Afrafep de Educa\u00e7\u00e3o Fiscal 2018"},"content":{"rendered":"<p class=\"x_MsoNormal\">O projeto, da Universidade Federal de Campina Grande (UFCG), Campus Sum\u00e9, \u201cTeorias e Pr\u00e1ticas sobre Or\u00e7amento P\u00fablico e Democr\u00e1tico\u201d, foi um dos vencedores na etapa estadual no \u201cPr\u00eamio Afrafep de Educa\u00e7\u00e3o Fiscal 2018\u201d. A coordena\u00e7\u00e3o do projeto \u00e9 do professor Luiz Antonio Coelho, do curso de Tecnologia em Gest\u00e3o P\u00fablica do Centro de Desenvolvimento Sustent\u00e1vel do Semi\u00e1rido(CDSA)<\/p>\n<p class=\"x_MsoNormal\">Tamb\u00e9m foram escolhidos dois projetos, sendo um da UEPB e outro da Escola Estadual Dom Mois\u00e9s Coelho. Todos concorrem na etapa nacional do Pr\u00eamio.<\/p>\n<p class=\"x_MsoNormal\">O \u201cPr\u00eamio Afrafep de Educa\u00e7\u00e3o Fiscal\u201d premia anualmente os melhores projetos desenvolvidos por professores da Educa\u00e7\u00e3o B\u00e1sica e de universidades p\u00fablicas do Estado da Para\u00edba.<\/p>\n<p class=\"x_MsoNormal\">A premia\u00e7\u00e3o dos projetos vencedores da etapa estadual ser\u00e1 acontecer\u00e1 no audit\u00f3rio do Col\u00e9gio Liceu Paraibano, em Jo\u00e3o Pessoa, no dia 29 de agosto, \u00e0s 10h.\u00a0\u00a0J\u00e1 a premia\u00e7\u00e3o dos vencedores da etapa nacional ser\u00e1 no dia 28 de novembro, em Bras\u00edlia.<strong>\u00a0<\/strong><\/p>\n<p><strong><br \/>\nSobre o Pr\u00eamio<\/strong><\/p>\n<p>O Pr\u00eamio Nacional de Educa\u00e7\u00e3o Fiscal foi criado em 2012 pela Febrafite em parceria com a Escola de Administra\u00e7\u00e3o Fazend\u00e1ria (Esaf) e com o Programa Nacional de Educa\u00e7\u00e3o Fiscal (Pnef).<\/p>\n<p>A premia\u00e7\u00e3o valoriza anualmente as melhores pr\u00e1ticas de educa\u00e7\u00e3o fiscal que atuam sobre a import\u00e2ncia social dos tributos e sua correta aplica\u00e7\u00e3o em benef\u00edcio da coletividade.<\/p>\n<p>A premia\u00e7\u00e3o conta com apoio de entidades p\u00fablicas e privadas, entre elas: os Minist\u00e9rios da Fazenda e da Educa\u00e7\u00e3o, a Secretaria da Receita Federal do Brasil (RFB),\u00a0 o Conselho Nacional de Pol\u00edtica Fazend\u00e1ria (Confaz), o Centro Interamericano de Administra\u00e7\u00f5es Tribut\u00e1rias (Ciat), o Encontro Nacional de Coordenadores e Administradores Tribut\u00e1rios Estaduais (Encat), a OAB Nacional, a Associa\u00e7\u00e3o Nacional dos Membros do Minist\u00e9rio P\u00fablico (Conamp) e a Confedera\u00e7\u00e3o Nacional dos Munic\u00edpios (CNM).<\/p>\n<p>&nbsp;<\/p>\n<p><strong>Vitrine do Cariri\/Foto: Reprodu\u00e7\u00e3o\u00a0<\/strong><\/p>\n<p>Cariri Em A\u00e7\u00e3o<\/p>\n<p>Leia mais not\u00edcias em\u00a0<a href=\"http:\/\/www.caririemacao.com\/\">caririemacao.com<\/a>, siga nossa p\u00e1gina no\u00a0<a href=\"https:\/\/www.facebook.com\/CaririEmAcao\/?ref=aymt_homepage_panel\">Facebook<\/a>,\u00a0<a href=\"https:\/\/www.instagram.com\/cariri_em_acao\/?hl=pt-br\">Instagram<\/a>\u00a0e\u00a0<a href=\"https:\/\/www.youtube.com\/channel\/UCAptA0jQuYQy8vMhLt2m4qg\">Youtube<\/a>\u00a0e veja nossas mat\u00e9rias, v\u00eddeos e fotos. Voc\u00ea tamb\u00e9m pode enviar informa\u00e7\u00f5es \u00e0 Reda\u00e7\u00e3o do Portal Cariri em A\u00e7\u00e3o pelo WhatsApp (83) 9 9634.5791, (83) 9 9601-1162.<\/p>\n","protected":false},"excerpt":{"rendered":"<p>O projeto, da Universidade Federal de Campina Grande (UFCG), Campus Sum\u00e9, \u201cTeorias e Pr\u00e1ticas sobre Or\u00e7amento P\u00fablico e Democr\u00e1tico\u201d, foi um dos vencedores na etapa&hellip; <\/p>\n","protected":false},"author":1,"featured_media":12237,"comment_status":"closed","ping_status":"closed","sticky":false,"template":"","format":"standard","meta":{"sfsi_plus_gutenberg_text_before_share":"","sfsi_plus_gutenberg_show_text_before_share":"","sfsi_plus_gutenberg_icon_type":"","sfsi_plus_gutenberg_icon_alignemt":"","sfsi_plus_gutenburg_max_per_row":"","footnotes":""},"categories":[14],"tags":[],"class_list":["post-61039","post","type-post","status-publish","format-standard","has-post-thumbnail","hentry","category-educacao"],"_links":{"self":[{"href":"https:\/\/www.caririemacao.com\/1\/wp-json\/wp\/v2\/posts\/61039","targetHints":{"allow":["GET"]}}],"collection":[{"href":"https:\/\/www.caririemacao.com\/1\/wp-json\/wp\/v2\/posts"}],"about":[{"href":"https:\/\/www.caririemacao.com\/1\/wp-json\/wp\/v2\/types\/post"}],"author":[{"embeddable":true,"href":"https:\/\/www.caririemacao.com\/1\/wp-json\/wp\/v2\/users\/1"}],"replies":[{"embeddable":true,"href":"https:\/\/www.caririemacao.com\/1\/wp-json\/wp\/v2\/comments?post=61039"}],"version-history":[{"count":1,"href":"https:\/\/www.caririemacao.com\/1\/wp-json\/wp\/v2\/posts\/61039\/revisions"}],"predecessor-version":[{"id":61040,"href":"https:\/\/www.caririemacao.com\/1\/wp-json\/wp\/v2\/posts\/61039\/revisions\/61040"}],"wp:featuredmedia":[{"embeddable":true,"href":"https:\/\/www.caririemacao.com\/1\/wp-json\/wp\/v2\/media\/12237"}],"wp:attachment":[{"href":"https:\/\/www.caririemacao.com\/1\/wp-json\/wp\/v2\/media?parent=61039"}],"wp:term":[{"taxonomy":"category","embeddable":true,"href":"https:\/\/www.caririemacao.com\/1\/wp-json\/wp\/v2\/categories?post=61039"},{"taxonomy":"post_tag","embeddable":true,"href":"https:\/\/www.caririemacao.com\/1\/wp-json\/wp\/v2\/tags?post=61039"}],"curies":[{"name":"wp","href":"https:\/\/api.w.org\/{rel}","templated":true}]}}