{"id":61041,"date":"2018-08-11T20:41:17","date_gmt":"2018-08-11T23:41:17","guid":{"rendered":"http:\/\/caririemacao.com\/1\/?p=61041"},"modified":"2018-08-11T20:41:17","modified_gmt":"2018-08-11T23:41:17","slug":"pm-acusado-de-estuprar-enteada-de-12-anos-e-expulso-da-corporacao","status":"publish","type":"post","link":"https:\/\/www.caririemacao.com\/1\/2018\/08\/11\/pm-acusado-de-estuprar-enteada-de-12-anos-e-expulso-da-corporacao\/","title":{"rendered":"PM acusado de estuprar enteada de 12 anos \u00e9 expulso da corpora\u00e7\u00e3o"},"content":{"rendered":"<div class=\"mc-column content-text active-extra-styles active-capital-letter\" data-block-type=\"unstyled\" data-block-weight=\"61\" data-block-id=\"2\">\n<p class=\"content-text__container theme-color-primary-first-letter\" data-track-category=\"Link no Texto\">Um cabo da Pol\u00edcia Militar da Para\u00edba acusado de estupro de vulner\u00e1vel contra a enteada foi expulso da corpora\u00e7\u00e3o neste s\u00e1bado (11). A portaria com a expuls\u00e3o do policial foi assinada pelo comandante-geral da PMPB, coronel Euller Chaves, e\u00a0<a href=\"http:\/\/static.paraiba.pb.gov.br\/2018\/08\/Diario-Oficial-11-08-2018.pdf\" target=\"_blank\" rel=\"noopener\">publicada no Di\u00e1rio Oficial do Estado da Para\u00edba (DOE-PB)<\/a>. O nome do policial foi omitido nesta reportagem para n\u00e3o expor a v\u00edtima.<\/p>\n<\/div>\n<div class=\"wall\">\n<div class=\"mc-column content-text active-extra-styles \" data-block-type=\"unstyled\" data-block-weight=\"39\" data-block-id=\"3\">\n<p class=\"content-text__container \" data-track-category=\"Link no Texto\">Conforme a portaria, os crimes foram descobertos em junho de 2016, ap\u00f3s a v\u00edtima, que \u00e0 \u00e9poca tinha 12 anos, ser achada em uma casa abandonada pr\u00f3ximo a casa da m\u00e3e do acusado, depois de ter fugido de casa.<\/p>\n<\/div>\n<div class=\"mc-column content-text active-extra-styles \" data-block-type=\"unstyled\" data-block-weight=\"36\" data-block-id=\"4\">\n<p class=\"content-text__container \" data-track-category=\"Link no Texto\">A menina contou aos policiais que saiu de casa por n\u00e3o aguentar os abusos, que eram praticados em um s\u00edtio de propriedade do policial. Ela disse, ainda, que n\u00e3o denunciou para a m\u00e3e pois sofria amea\u00e7as.<\/p>\n<\/div>\n<div class=\"mc-column content-text active-extra-styles \" data-block-type=\"unstyled\" data-block-weight=\"43\" data-block-id=\"5\">\n<p class=\"content-text__container \" data-track-category=\"Link no Texto\">O policial foi denunciado pelo Minist\u00e9rio P\u00fablico da Para\u00edba por estupro de vulner\u00e1vel e a a\u00e7\u00e3o penal tramita na 2\u00aa Vara da Comarca de Cajazeiras, em segredo de Justi\u00e7a. O homem \u00e9 acusado de praticar atos libidinosos e conjun\u00e7\u00e3o carnal contra a enteada.<\/p>\n<\/div>\n<div class=\"mc-column content-text active-extra-styles \" data-block-type=\"unstyled\" data-block-weight=\"43\" data-block-id=\"6\">\n<p class=\"content-text__container \" data-track-category=\"Link no Texto\">Al\u00e9m da acusa\u00e7\u00e3o de estupro, o policial tamb\u00e9m responde a uma a\u00e7\u00e3o penal militar por ter praticado o crime de deser\u00e7\u00e3o, ap\u00f3s ter sido denunciado. Um mandado de pris\u00e3o preventiva foi expedido e a a\u00e7\u00e3o tramita na Vara da Justi\u00e7a Militar da Para\u00edba.<\/p>\n<\/div>\n<div class=\"mc-column content-text active-extra-styles \" data-block-type=\"unstyled\" data-block-weight=\"56\" data-block-id=\"7\">\n<p class=\"content-text__container \" data-track-category=\"Link no Texto\">De acordo com a portaria, a conduta do cabo afronta a honra pessoal, o pundonor, a \u00e9tica e o decoro da classe dos policiais militares, uma vez que o condenado \u201cagiu em desacordo com os preceitos disciplinares, morais e \u00e9ticos da Corpora\u00e7\u00e3o, tornando-se, assim, um mau exemplo perante o dignos homens e mulheres\u201d da Pol\u00edcia Militar.<\/p>\n<\/div>\n<\/div>\n<div data-track-category=\"fim do conteudo\" data-track-action=\"ultimo chunk conteudo\" data-track-noninteraction=\"false\" data-track-scroll=\"entrada completa viewport\">\n<div class=\"mc-column content-text active-extra-styles \" data-block-type=\"unstyled\" data-block-weight=\"45\" data-block-id=\"8\">\n<p class=\"content-text__container \" data-track-category=\"Link no Texto\">O cabo Melo entrou na Pol\u00edcia Militar em 19 de julho de 1989 e estava lotado no 6\u00ba Batalh\u00e3o da PM, em Cajazeiras. A portaria de expuls\u00e3o tamb\u00e9m determina a apreens\u00e3o das armas de fogo, objetos e identidade militar que estavam sob posse do policial.<\/p>\n<\/div>\n<p data-track-category=\"Link no Texto\">\n<p data-track-category=\"Link no Texto\"><strong>Vitrine do Cariri\/Foto: Reprodu\u00e7\u00e3o\u00a0<\/strong><\/p>\n<p>Cariri Em A\u00e7\u00e3o<\/p>\n<p>Leia mais not\u00edcias em\u00a0<a href=\"http:\/\/www.caririemacao.com\/\">caririemacao.com<\/a>, siga nossa p\u00e1gina no\u00a0<a href=\"https:\/\/www.facebook.com\/CaririEmAcao\/?ref=aymt_homepage_panel\">Facebook<\/a>,\u00a0<a href=\"https:\/\/www.instagram.com\/cariri_em_acao\/?hl=pt-br\">Instagram<\/a>\u00a0e\u00a0<a href=\"https:\/\/www.youtube.com\/channel\/UCAptA0jQuYQy8vMhLt2m4qg\">Youtube<\/a>\u00a0e veja nossas mat\u00e9rias, v\u00eddeos e fotos. Voc\u00ea tamb\u00e9m pode enviar informa\u00e7\u00f5es \u00e0 Reda\u00e7\u00e3o do Portal Cariri em A\u00e7\u00e3o pelo WhatsApp (83) 9 9634.5791, (83) 9 9601-1162.<\/p>\n<\/div>\n","protected":false},"excerpt":{"rendered":"<p>Um cabo da Pol\u00edcia Militar da Para\u00edba acusado de estupro de vulner\u00e1vel contra a enteada foi expulso da corpora\u00e7\u00e3o neste s\u00e1bado (11). A portaria com&hellip; <\/p>\n","protected":false},"author":1,"featured_media":22629,"comment_status":"closed","ping_status":"closed","sticky":false,"template":"","format":"standard","meta":{"sfsi_plus_gutenberg_text_before_share":"","sfsi_plus_gutenberg_show_text_before_share":"","sfsi_plus_gutenberg_icon_type":"","sfsi_plus_gutenberg_icon_alignemt":"","sfsi_plus_gutenburg_max_per_row":"","footnotes":""},"categories":[12],"tags":[],"class_list":["post-61041","post","type-post","status-publish","format-standard","has-post-thumbnail","hentry","category-policia"],"_links":{"self":[{"href":"https:\/\/www.caririemacao.com\/1\/wp-json\/wp\/v2\/posts\/61041","targetHints":{"allow":["GET"]}}],"collection":[{"href":"https:\/\/www.caririemacao.com\/1\/wp-json\/wp\/v2\/posts"}],"about":[{"href":"https:\/\/www.caririemacao.com\/1\/wp-json\/wp\/v2\/types\/post"}],"author":[{"embeddable":true,"href":"https:\/\/www.caririemacao.com\/1\/wp-json\/wp\/v2\/users\/1"}],"replies":[{"embeddable":true,"href":"https:\/\/www.caririemacao.com\/1\/wp-json\/wp\/v2\/comments?post=61041"}],"version-history":[{"count":1,"href":"https:\/\/www.caririemacao.com\/1\/wp-json\/wp\/v2\/posts\/61041\/revisions"}],"predecessor-version":[{"id":61046,"href":"https:\/\/www.caririemacao.com\/1\/wp-json\/wp\/v2\/posts\/61041\/revisions\/61046"}],"wp:featuredmedia":[{"embeddable":true,"href":"https:\/\/www.caririemacao.com\/1\/wp-json\/wp\/v2\/media\/22629"}],"wp:attachment":[{"href":"https:\/\/www.caririemacao.com\/1\/wp-json\/wp\/v2\/media?parent=61041"}],"wp:term":[{"taxonomy":"category","embeddable":true,"href":"https:\/\/www.caririemacao.com\/1\/wp-json\/wp\/v2\/categories?post=61041"},{"taxonomy":"post_tag","embeddable":true,"href":"https:\/\/www.caririemacao.com\/1\/wp-json\/wp\/v2\/tags?post=61041"}],"curies":[{"name":"wp","href":"https:\/\/api.w.org\/{rel}","templated":true}]}}