{"id":61047,"date":"2018-08-11T20:47:39","date_gmt":"2018-08-11T23:47:39","guid":{"rendered":"http:\/\/caririemacao.com\/1\/?p=61047"},"modified":"2018-08-11T20:47:39","modified_gmt":"2018-08-11T23:47:39","slug":"ifpb-recepciona-estudantes-de-des-de-sistemas-const-de-edificios-e-instrumento-musical","status":"publish","type":"post","link":"https:\/\/www.caririemacao.com\/1\/2018\/08\/11\/ifpb-recepciona-estudantes-de-des-de-sistemas-const-de-edificios-e-instrumento-musical\/","title":{"rendered":"IFPB recepciona estudantes de Des. de Sistemas, Const. de Edif\u00edcios e Instrumento Musical"},"content":{"rendered":"<div class=\"newsLeftPane\">Os estudantes que iniciaram o semestre letivo 2018.2 dos cursos superiores de Tecnologia em An\u00e1lise e Desenvolvimento de Sistemas de Tecnologia em Constru\u00e7\u00e3o de Edif\u00edcios e do curso de Instrumento Musical Subsequente, tiveram uma calorosa acolhida na \u00faltima semana no IFPB da cidade de Monteiro.<\/div>\n<div>\n<p>O momento foi marcado pela apresenta\u00e7\u00e3o musical da Classe de Cordas com o professor L\u00eddio Roque e os estudantes Jos\u00e9 de Siqueira, Anthony e Patrick.<\/p>\n<p>O Diretor Geral, professor Abra\u00e3o Rom\u00e3o expressou aos presentes a alegria de receber novos estudantes no campus Monteiro, falou da qualidade dos cursos superiores onde ambos possuem conceito 4 na avalia\u00e7\u00e3o do MEC e a import\u00e2ncia de profissionaliza\u00e7\u00e3o dos m\u00fasicos da regi\u00e3o do cariri com o curso de Instrumento Musical.<\/p>\n<p>As equipes da COPED, CCA e CAEST apresentaram os setores e o que cada um pode ajud\u00e1-los durante o curso.<\/p>\n<p>O Diretor de Ensino, professor Inak\u00e3 Barreto, salientou a import\u00e2ncia do engajamento dos estudantes nas atividades desenvolvidas no campus na \u00e1rea de extens\u00e3o, cultura, pesquisa e inova\u00e7\u00e3o.<\/p>\n<p>Ap\u00f3s a apresenta\u00e7\u00e3o os coordenadores fizeram um momento com cada turma para falar sobre o percurso dos estudantes no curso e as possibilidades que o egresso tem.<\/p>\n<\/div>\n<p>&nbsp;<\/p>\n<p><strong>Vitrine do Cariri\/Foto: Reprodu\u00e7\u00e3o\u00a0<\/strong><\/p>\n<p>Cariri Em A\u00e7\u00e3o<\/p>\n<p>Leia mais not\u00edcias em\u00a0<a href=\"http:\/\/www.caririemacao.com\/\">caririemacao.com<\/a>, siga nossa p\u00e1gina no\u00a0<a href=\"https:\/\/www.facebook.com\/CaririEmAcao\/?ref=aymt_homepage_panel\">Facebook<\/a>,\u00a0<a href=\"https:\/\/www.instagram.com\/cariri_em_acao\/?hl=pt-br\">Instagram<\/a>\u00a0e\u00a0<a href=\"https:\/\/www.youtube.com\/channel\/UCAptA0jQuYQy8vMhLt2m4qg\">Youtube<\/a>\u00a0e veja nossas mat\u00e9rias, v\u00eddeos e fotos. Voc\u00ea tamb\u00e9m pode enviar informa\u00e7\u00f5es \u00e0 Reda\u00e7\u00e3o do Portal Cariri em A\u00e7\u00e3o pelo WhatsApp (83) 9 9634.5791, (83) 9 9601-1162.<\/p>\n","protected":false},"excerpt":{"rendered":"<p>Os estudantes que iniciaram o semestre letivo 2018.2 dos cursos superiores de Tecnologia em An\u00e1lise e Desenvolvimento de Sistemas de Tecnologia em Constru\u00e7\u00e3o de Edif\u00edcios&hellip; <\/p>\n","protected":false},"author":1,"featured_media":60766,"comment_status":"closed","ping_status":"closed","sticky":false,"template":"","format":"standard","meta":{"sfsi_plus_gutenberg_text_before_share":"","sfsi_plus_gutenberg_show_text_before_share":"","sfsi_plus_gutenberg_icon_type":"","sfsi_plus_gutenberg_icon_alignemt":"","sfsi_plus_gutenburg_max_per_row":"","footnotes":""},"categories":[14],"tags":[],"class_list":["post-61047","post","type-post","status-publish","format-standard","has-post-thumbnail","hentry","category-educacao"],"_links":{"self":[{"href":"https:\/\/www.caririemacao.com\/1\/wp-json\/wp\/v2\/posts\/61047","targetHints":{"allow":["GET"]}}],"collection":[{"href":"https:\/\/www.caririemacao.com\/1\/wp-json\/wp\/v2\/posts"}],"about":[{"href":"https:\/\/www.caririemacao.com\/1\/wp-json\/wp\/v2\/types\/post"}],"author":[{"embeddable":true,"href":"https:\/\/www.caririemacao.com\/1\/wp-json\/wp\/v2\/users\/1"}],"replies":[{"embeddable":true,"href":"https:\/\/www.caririemacao.com\/1\/wp-json\/wp\/v2\/comments?post=61047"}],"version-history":[{"count":1,"href":"https:\/\/www.caririemacao.com\/1\/wp-json\/wp\/v2\/posts\/61047\/revisions"}],"predecessor-version":[{"id":61048,"href":"https:\/\/www.caririemacao.com\/1\/wp-json\/wp\/v2\/posts\/61047\/revisions\/61048"}],"wp:featuredmedia":[{"embeddable":true,"href":"https:\/\/www.caririemacao.com\/1\/wp-json\/wp\/v2\/media\/60766"}],"wp:attachment":[{"href":"https:\/\/www.caririemacao.com\/1\/wp-json\/wp\/v2\/media?parent=61047"}],"wp:term":[{"taxonomy":"category","embeddable":true,"href":"https:\/\/www.caririemacao.com\/1\/wp-json\/wp\/v2\/categories?post=61047"},{"taxonomy":"post_tag","embeddable":true,"href":"https:\/\/www.caririemacao.com\/1\/wp-json\/wp\/v2\/tags?post=61047"}],"curies":[{"name":"wp","href":"https:\/\/api.w.org\/{rel}","templated":true}]}}