{"id":61049,"date":"2018-08-11T21:08:37","date_gmt":"2018-08-12T00:08:37","guid":{"rendered":"http:\/\/caririemacao.com\/1\/?p=61049"},"modified":"2018-08-11T21:08:37","modified_gmt":"2018-08-12T00:08:37","slug":"canal-da-transposicao-do-sao-francisco-rompe-em-salgueiro-pe","status":"publish","type":"post","link":"https:\/\/www.caririemacao.com\/1\/2018\/08\/11\/canal-da-transposicao-do-sao-francisco-rompe-em-salgueiro-pe\/","title":{"rendered":"Canal da transposi\u00e7\u00e3o do S\u00e3o Francisco rompe em Salgueiro, PE"},"content":{"rendered":"<div class=\"mc-column mc-side-item__container\" data-block-type=\"ads\" data-block-id=\"1\">\n<div class=\"mc-side-item mc-side-item--right content-ads content-ads--side-ad\">\n<div id=\"banner_materia1\" class=\"tag-manager-publicidade-container\">Um canal do Eixo Norte do Projeto de Integra\u00e7\u00e3o do Rio S\u00e3o Francisco, que fica entre os munic\u00edpios de Terra Nova e Salgueiro, no Sert\u00e3o de Pernambuco, rompeu neste s\u00e1bado (11).\u00a0A obra da terceira esta\u00e7\u00e3o de bombeamento do Eixo Norte (EBI-3) foi entregue no dia 3 de agosto pelo presidente Michel Temer.\u00a0De acordo com o Minist\u00e9rio da Integra\u00e7\u00e3o, h\u00e1 evid\u00eancias de que tenha sido um ato criminoso.<\/div>\n<\/div>\n<\/div>\n<div class=\"wall\">\n<div class=\"mc-column content-text active-extra-styles \" data-block-type=\"unstyled\" data-block-weight=\"27\" data-block-id=\"3\">\n<p class=\"content-text__container \" data-track-category=\"Link no Texto\" data-track-links=\"\">Com o rompimento, as \u00e1guas est\u00e3o desaguando no Riacho Grande, que passa pelo distrito de Um\u00e3s em Salgueiro e seguindo at\u00e9 o munic\u00edpio pernambucano de Terra Nova.<\/p>\n<\/div>\n<div class=\"mc-column content-text active-extra-styles \" data-block-type=\"unstyled\" data-block-weight=\"48\" data-block-id=\"4\">\n<p class=\"content-text__container \" data-track-category=\"Link no Texto\" data-track-links=\"\">Em nota, o Minist\u00e9rio da Integra\u00e7\u00e3o informou que foi um rompimento pontual e t\u00e9cnicos j\u00e1 est\u00e3o no local, atuando para recupera\u00e7\u00e3o da estrutura que dever\u00e1 ser normalizada em at\u00e9 48 horas. Tamb\u00e9m designaram equipes para verificar todo o per\u00edmetro e avaliar possibilidades de danos a comunidades no entorno.<\/p>\n<\/div>\n<div class=\"mc-column content-text active-extra-styles \" data-block-type=\"unstyled\" data-block-weight=\"49\" data-block-id=\"5\">\n<p class=\"content-text__container \" data-track-category=\"Link no Texto\" data-track-links=\"\">O Minist\u00e9rio da Integra\u00e7\u00e3o disse ainda que suspeita que tenha sido um ato criminoso. A Pol\u00edcia Militar de Pernambuco prendeu suspeitos de terem cometido o dano ao trecho. Moradores afirmam que os envolvidos queriam desviar o curso d\u2019\u00e1gua daquele ponto para que fosse poss\u00edvel encher um reservat\u00f3rio nas imedia\u00e7\u00f5es.<\/p>\n<\/div>\n<div class=\"mc-column content-media content-media--normal  content-photo\" data-block-type=\"backstage-photo\" data-block-id=\"6\">\n<div class=\"content-media__container\">\n<div class=\"content-media__image-centered\">\n<div class=\"progressive-img can-open-lightbox\" data-min-size=\"1008x939\" data-min-size-url=\"https:\/\/s2.glbimg.com\/obO-WIJgARNfu-VpZKtGF3bh52E=\/0x0:563x525\/1008x0\/smart\/filters:strip_icc()\/i.s3.glbimg.com\/v1\/AUTH_59edd422c0c84a879bd37670ae4f538a\/internal_photos\/bs\/2018\/i\/C\/djqCcbQoWDBtm1ytMUiQ\/cats-1-.jpg\" data-max-size=\"1600x1492\" data-max-size-url=\"https:\/\/s2.glbimg.com\/lLA91G-4QVaFOTmDTGVqz32VIVM=\/0x0:563x525\/1600x0\/smart\/filters:strip_icc()\/i.s3.glbimg.com\/v1\/AUTH_59edd422c0c84a879bd37670ae4f538a\/internal_photos\/bs\/2018\/i\/C\/djqCcbQoWDBtm1ytMUiQ\/cats-1-.jpg\" data-media-index=\"0\">Em 02 de fevereiro deste ano,\u00a0uma estrutura das placas de concreto de uma das esta\u00e7\u00f5es de bombeamento da Transposi\u00e7\u00e3o do Rio S\u00e3o Francisco tamb\u00e9m sofreu um rompimento em Cabrob\u00f3, no Sert\u00e3o Pernambucano.<\/div>\n<\/div>\n<\/div>\n<\/div>\n<\/div>\n<div data-min-size=\"1008x939\" data-min-size-url=\"https:\/\/s2.glbimg.com\/obO-WIJgARNfu-VpZKtGF3bh52E=\/0x0:563x525\/1008x0\/smart\/filters:strip_icc()\/i.s3.glbimg.com\/v1\/AUTH_59edd422c0c84a879bd37670ae4f538a\/internal_photos\/bs\/2018\/i\/C\/djqCcbQoWDBtm1ytMUiQ\/cats-1-.jpg\" data-max-size=\"1600x1492\" data-max-size-url=\"https:\/\/s2.glbimg.com\/lLA91G-4QVaFOTmDTGVqz32VIVM=\/0x0:563x525\/1600x0\/smart\/filters:strip_icc()\/i.s3.glbimg.com\/v1\/AUTH_59edd422c0c84a879bd37670ae4f538a\/internal_photos\/bs\/2018\/i\/C\/djqCcbQoWDBtm1ytMUiQ\/cats-1-.jpg\" data-media-index=\"0\"><\/div>\n<div data-min-size=\"1008x939\" data-min-size-url=\"https:\/\/s2.glbimg.com\/obO-WIJgARNfu-VpZKtGF3bh52E=\/0x0:563x525\/1008x0\/smart\/filters:strip_icc()\/i.s3.glbimg.com\/v1\/AUTH_59edd422c0c84a879bd37670ae4f538a\/internal_photos\/bs\/2018\/i\/C\/djqCcbQoWDBtm1ytMUiQ\/cats-1-.jpg\" data-max-size=\"1600x1492\" data-max-size-url=\"https:\/\/s2.glbimg.com\/lLA91G-4QVaFOTmDTGVqz32VIVM=\/0x0:563x525\/1600x0\/smart\/filters:strip_icc()\/i.s3.glbimg.com\/v1\/AUTH_59edd422c0c84a879bd37670ae4f538a\/internal_photos\/bs\/2018\/i\/C\/djqCcbQoWDBtm1ytMUiQ\/cats-1-.jpg\" data-media-index=\"0\"><strong>Vitrine do Cariri\u00a0<\/strong><\/div>\n<div data-min-size=\"1008x939\" data-min-size-url=\"https:\/\/s2.glbimg.com\/obO-WIJgARNfu-VpZKtGF3bh52E=\/0x0:563x525\/1008x0\/smart\/filters:strip_icc()\/i.s3.glbimg.com\/v1\/AUTH_59edd422c0c84a879bd37670ae4f538a\/internal_photos\/bs\/2018\/i\/C\/djqCcbQoWDBtm1ytMUiQ\/cats-1-.jpg\" data-max-size=\"1600x1492\" data-max-size-url=\"https:\/\/s2.glbimg.com\/lLA91G-4QVaFOTmDTGVqz32VIVM=\/0x0:563x525\/1600x0\/smart\/filters:strip_icc()\/i.s3.glbimg.com\/v1\/AUTH_59edd422c0c84a879bd37670ae4f538a\/internal_photos\/bs\/2018\/i\/C\/djqCcbQoWDBtm1ytMUiQ\/cats-1-.jpg\" data-media-index=\"0\">\n<p>Cariri Em A\u00e7\u00e3o<\/p>\n<p>Leia mais not\u00edcias em\u00a0<a href=\"http:\/\/www.caririemacao.com\/\">caririemacao.com<\/a>, siga nossa p\u00e1gina no\u00a0<a href=\"https:\/\/www.facebook.com\/CaririEmAcao\/?ref=aymt_homepage_panel\">Facebook<\/a>,\u00a0<a href=\"https:\/\/www.instagram.com\/cariri_em_acao\/?hl=pt-br\">Instagram<\/a>\u00a0e\u00a0<a href=\"https:\/\/www.youtube.com\/channel\/UCAptA0jQuYQy8vMhLt2m4qg\">Youtube<\/a>\u00a0e veja nossas mat\u00e9rias, v\u00eddeos e fotos. Voc\u00ea tamb\u00e9m pode enviar informa\u00e7\u00f5es \u00e0 Reda\u00e7\u00e3o do Portal Cariri em A\u00e7\u00e3o pelo WhatsApp (83) 9 9634.5791, (83) 9 9601-1162.<\/p>\n<\/div>\n","protected":false},"excerpt":{"rendered":"<p>Um canal do Eixo Norte do Projeto de Integra\u00e7\u00e3o do Rio S\u00e3o Francisco, que fica entre os munic\u00edpios de Terra Nova e Salgueiro, no Sert\u00e3o&hellip; <\/p>\n","protected":false},"author":1,"featured_media":61050,"comment_status":"closed","ping_status":"closed","sticky":false,"template":"","format":"standard","meta":{"sfsi_plus_gutenberg_text_before_share":"","sfsi_plus_gutenberg_show_text_before_share":"","sfsi_plus_gutenberg_icon_type":"","sfsi_plus_gutenberg_icon_alignemt":"","sfsi_plus_gutenburg_max_per_row":"","footnotes":""},"categories":[2],"tags":[],"class_list":["post-61049","post","type-post","status-publish","format-standard","has-post-thumbnail","hentry","category-geral"],"_links":{"self":[{"href":"https:\/\/www.caririemacao.com\/1\/wp-json\/wp\/v2\/posts\/61049","targetHints":{"allow":["GET"]}}],"collection":[{"href":"https:\/\/www.caririemacao.com\/1\/wp-json\/wp\/v2\/posts"}],"about":[{"href":"https:\/\/www.caririemacao.com\/1\/wp-json\/wp\/v2\/types\/post"}],"author":[{"embeddable":true,"href":"https:\/\/www.caririemacao.com\/1\/wp-json\/wp\/v2\/users\/1"}],"replies":[{"embeddable":true,"href":"https:\/\/www.caririemacao.com\/1\/wp-json\/wp\/v2\/comments?post=61049"}],"version-history":[{"count":1,"href":"https:\/\/www.caririemacao.com\/1\/wp-json\/wp\/v2\/posts\/61049\/revisions"}],"predecessor-version":[{"id":61051,"href":"https:\/\/www.caririemacao.com\/1\/wp-json\/wp\/v2\/posts\/61049\/revisions\/61051"}],"wp:featuredmedia":[{"embeddable":true,"href":"https:\/\/www.caririemacao.com\/1\/wp-json\/wp\/v2\/media\/61050"}],"wp:attachment":[{"href":"https:\/\/www.caririemacao.com\/1\/wp-json\/wp\/v2\/media?parent=61049"}],"wp:term":[{"taxonomy":"category","embeddable":true,"href":"https:\/\/www.caririemacao.com\/1\/wp-json\/wp\/v2\/categories?post=61049"},{"taxonomy":"post_tag","embeddable":true,"href":"https:\/\/www.caririemacao.com\/1\/wp-json\/wp\/v2\/tags?post=61049"}],"curies":[{"name":"wp","href":"https:\/\/api.w.org\/{rel}","templated":true}]}}