{"id":61052,"date":"2018-08-11T21:54:39","date_gmt":"2018-08-12T00:54:39","guid":{"rendered":"http:\/\/caririemacao.com\/1\/?p=61052"},"modified":"2018-08-11T21:54:39","modified_gmt":"2018-08-12T00:54:39","slug":"camara-de-sao-joao-do-cariri-debate-cortes-de-beneficiarios-do-inss","status":"publish","type":"post","link":"https:\/\/www.caririemacao.com\/1\/2018\/08\/11\/camara-de-sao-joao-do-cariri-debate-cortes-de-beneficiarios-do-inss\/","title":{"rendered":"C\u00e2mara de S\u00e3o Jo\u00e3o do Cariri debate cortes de benefici\u00e1rios do INSS"},"content":{"rendered":"<p>A C\u00e2mara de S\u00e3o Jo\u00e3o do Cariri promoveu na noite desta sexta-feira, 10, uma audi\u00eancia p\u00fablica com o objetivo de discutir os sucessivos cortes de benefici\u00e1rios da previd\u00eancia social, na regi\u00e3o do Cariri.<\/p>\n<p>Audi\u00eancia ocorreu na C\u00e2mara Municipal e reuniu vereadores de v\u00e1rias cidades do Cariri, al\u00e9m de lideran\u00e7as pol\u00edticas e comunit\u00e1rias que est\u00e3o preocupados com a pol\u00edtica de revis\u00e3o previdenci\u00e1ria que foi estabelecida pelo governo Temer e tem prejudicado v\u00e1rias pessoas na regi\u00e3o do Cariri Paraibano.<\/p>\n<p><img fetchpriority=\"high\" decoding=\"async\" class=\"size-full wp-image-61071 aligncenter\" src=\"http:\/\/caririemacao.com\/1\/wp-content\/uploads\/2018\/08\/1-2.jpg\" alt=\"\" width=\"800\" height=\"533\" srcset=\"https:\/\/www.caririemacao.com\/1\/wp-content\/uploads\/2018\/08\/1-2.jpg 800w, https:\/\/www.caririemacao.com\/1\/wp-content\/uploads\/2018\/08\/1-2-300x200.jpg 300w, https:\/\/www.caririemacao.com\/1\/wp-content\/uploads\/2018\/08\/1-2-768x512.jpg 768w\" sizes=\"(max-width: 800px) 100vw, 800px\" \/><\/p>\n<p>Os trabalhos da audi\u00eancia foram coordenados pelo vereador Francisco J\u00fanior, autor da iniciativa, e resultou em in\u00fameros encaminhamentos buscando solu\u00e7\u00f5es para o problema, entre eles, um documento que ser\u00e1 encaminhado para a Defensoria p\u00fablica da Uni\u00e3o, Justi\u00e7a Federal e Minist\u00e9rio P\u00fablico Federal, solicitando provid\u00eancias sobre o tema, al\u00e9m de esclarecimentos sobre quais mediadas devem ser adotadas.<\/p>\n<p>Francisco lembrou que ainda ser\u00e1 encaminhado of\u00edcios aos deputados e senadores da Para\u00edba solicitando apoio a bancada paraibana.<\/p>\n<p>Ainda foi definido na audi\u00eancia que Parlamento Mirim da regi\u00e3o do Cariri ser\u00e1 mobilizado para debater o tema em v\u00e1rias cidades da regi\u00e3o.<\/p>\n<p><a href=\"https:\/\/www.facebook.com\/pg\/CaririEmAcao\/photos\/?tab=album&amp;album_id=1329762600493093\">VEJA FOTOS DA AUDI\u00caNCIA. <strong>CLIQUE AQUI.<\/strong><\/a><\/p>\n","protected":false},"excerpt":{"rendered":"<p>A C\u00e2mara de S\u00e3o Jo\u00e3o do Cariri promoveu na noite desta sexta-feira, 10, uma audi\u00eancia p\u00fablica com o objetivo de discutir os sucessivos cortes de&hellip; <\/p>\n","protected":false},"author":2,"featured_media":61070,"comment_status":"closed","ping_status":"closed","sticky":false,"template":"","format":"standard","meta":{"sfsi_plus_gutenberg_text_before_share":"","sfsi_plus_gutenberg_show_text_before_share":"","sfsi_plus_gutenberg_icon_type":"","sfsi_plus_gutenberg_icon_alignemt":"","sfsi_plus_gutenburg_max_per_row":"","footnotes":""},"categories":[6],"tags":[],"class_list":["post-61052","post","type-post","status-publish","format-standard","has-post-thumbnail","hentry","category-cidades"],"_links":{"self":[{"href":"https:\/\/www.caririemacao.com\/1\/wp-json\/wp\/v2\/posts\/61052","targetHints":{"allow":["GET"]}}],"collection":[{"href":"https:\/\/www.caririemacao.com\/1\/wp-json\/wp\/v2\/posts"}],"about":[{"href":"https:\/\/www.caririemacao.com\/1\/wp-json\/wp\/v2\/types\/post"}],"author":[{"embeddable":true,"href":"https:\/\/www.caririemacao.com\/1\/wp-json\/wp\/v2\/users\/2"}],"replies":[{"embeddable":true,"href":"https:\/\/www.caririemacao.com\/1\/wp-json\/wp\/v2\/comments?post=61052"}],"version-history":[{"count":2,"href":"https:\/\/www.caririemacao.com\/1\/wp-json\/wp\/v2\/posts\/61052\/revisions"}],"predecessor-version":[{"id":61072,"href":"https:\/\/www.caririemacao.com\/1\/wp-json\/wp\/v2\/posts\/61052\/revisions\/61072"}],"wp:featuredmedia":[{"embeddable":true,"href":"https:\/\/www.caririemacao.com\/1\/wp-json\/wp\/v2\/media\/61070"}],"wp:attachment":[{"href":"https:\/\/www.caririemacao.com\/1\/wp-json\/wp\/v2\/media?parent=61052"}],"wp:term":[{"taxonomy":"category","embeddable":true,"href":"https:\/\/www.caririemacao.com\/1\/wp-json\/wp\/v2\/categories?post=61052"},{"taxonomy":"post_tag","embeddable":true,"href":"https:\/\/www.caririemacao.com\/1\/wp-json\/wp\/v2\/tags?post=61052"}],"curies":[{"name":"wp","href":"https:\/\/api.w.org\/{rel}","templated":true}]}}