{"id":61057,"date":"2018-08-11T21:42:37","date_gmt":"2018-08-12T00:42:37","guid":{"rendered":"http:\/\/caririemacao.com\/1\/?p=61057"},"modified":"2018-08-11T21:42:37","modified_gmt":"2018-08-12T00:42:37","slug":"programa-do-iel-pb-prepara-jovens-para-o-mercado-de-trabalho","status":"publish","type":"post","link":"https:\/\/www.caririemacao.com\/1\/2018\/08\/11\/programa-do-iel-pb-prepara-jovens-para-o-mercado-de-trabalho\/","title":{"rendered":"Programa do IEL-PB prepara jovens para o mercado de trabalho"},"content":{"rendered":"<p>A partir do pr\u00f3ximo m\u00eas de setembro, o Instituto Euvaldo Lodi \u2013 IEL, n\u00facleo Regional da Para\u00edba vai oferecer cursos de capacita\u00e7\u00e3o para jovens inscritos em seus programas de est\u00e1gio e de aprendizagem industrial.<\/p>\n<p>Atrav\u00e9s do Programa Foco na Carreira o IEL busca preparar os jovens para que tenham o melhor proveito do est\u00e1gio ou da participa\u00e7\u00e3o no programa de aprendizagem atrav\u00e9s de um trabalho de orienta\u00e7\u00e3o pr\u00e1tica sobre o mercado de trabalho, carreira, e aspectos comportamentais e atitudinais.<\/p>\n<p>O Programa \u00e9 gratuito e ser\u00e1 desenvolvido de maneira presencial, IN COMPANY, nas empresas concedentes de Est\u00e1gios e de Programas de Aprendizagem que dever\u00e3o contar com infraestrutura para a realiza\u00e7\u00e3o das capacita\u00e7\u00f5es.<\/p>\n<p>Os cursos oferecidos pelo Programa abrangem os seguintes temas: Comportamento Organizacional, \u00c9tica e Postura Profissional, Maioridade e Responsabilidade, Projeto de Vida, Carreira e Empregabilidade, Relacionamento Interpessoal, Trabalho em Time, Vis\u00e3o Estrat\u00e9gica, Comunica\u00e7\u00e3o entre Gera\u00e7\u00f5es, Criatividade e Inova\u00e7\u00e3o, Negocia\u00e7\u00e3o e Gest\u00e3o de Conflitos, Gest\u00e3o de Tempo e Empreendedorismo.<\/p>\n<p>As empresas poder\u00e3o contratar todos os cursos ou optar por aqueles que melhor atendam as suas necessidades ou disponibilidade.<\/p>\n<p>\u201cO Programa Foco na Carreira ampliar\u00e1 a vis\u00e3o de mundo dos jovens, desenvolvendo suas habilidades e compet\u00eancias, ao mesmo tempo em que atender\u00e1 as demandas corporativas\u201d, explicou o superintendente do IEL-PB, Euler Sales.<\/p>\n<p>Para contratar os cursos oferecidos pelo Programa Foco na Carreira, entre em contato com o IEL-PB, atrav\u00e9s dos telefones: (83) 3099-1010 (Campina Grande) e 3241-6570 (Jo\u00e3o Pessoa).<\/p>\n<p>&nbsp;<\/p>\n<p><strong>Para\u00edba Online\/Foto: IEL<\/strong><\/p>\n<p>Cariri Em A\u00e7\u00e3o<\/p>\n<p>Leia mais not\u00edcias em\u00a0<a href=\"http:\/\/www.caririemacao.com\/\">caririemacao.com<\/a>, siga nossa p\u00e1gina no\u00a0<a href=\"https:\/\/www.facebook.com\/CaririEmAcao\/?ref=aymt_homepage_panel\">Facebook<\/a>,\u00a0<a href=\"https:\/\/www.instagram.com\/cariri_em_acao\/?hl=pt-br\">Instagram<\/a>\u00a0e\u00a0<a href=\"https:\/\/www.youtube.com\/channel\/UCAptA0jQuYQy8vMhLt2m4qg\">Youtube<\/a>\u00a0e veja nossas mat\u00e9rias, v\u00eddeos e fotos. Voc\u00ea tamb\u00e9m pode enviar informa\u00e7\u00f5es \u00e0 Reda\u00e7\u00e3o do Portal Cariri em A\u00e7\u00e3o pelo WhatsApp (83) 9 9634.5791, (83) 9 9601-1162.<\/p>\n","protected":false},"excerpt":{"rendered":"<p>A partir do pr\u00f3ximo m\u00eas de setembro, o Instituto Euvaldo Lodi \u2013 IEL, n\u00facleo Regional da Para\u00edba vai oferecer cursos de capacita\u00e7\u00e3o para jovens inscritos&hellip; <\/p>\n","protected":false},"author":1,"featured_media":61058,"comment_status":"closed","ping_status":"closed","sticky":false,"template":"","format":"standard","meta":{"sfsi_plus_gutenberg_text_before_share":"","sfsi_plus_gutenberg_show_text_before_share":"","sfsi_plus_gutenberg_icon_type":"","sfsi_plus_gutenberg_icon_alignemt":"","sfsi_plus_gutenburg_max_per_row":"","footnotes":""},"categories":[14],"tags":[],"class_list":["post-61057","post","type-post","status-publish","format-standard","has-post-thumbnail","hentry","category-educacao"],"_links":{"self":[{"href":"https:\/\/www.caririemacao.com\/1\/wp-json\/wp\/v2\/posts\/61057","targetHints":{"allow":["GET"]}}],"collection":[{"href":"https:\/\/www.caririemacao.com\/1\/wp-json\/wp\/v2\/posts"}],"about":[{"href":"https:\/\/www.caririemacao.com\/1\/wp-json\/wp\/v2\/types\/post"}],"author":[{"embeddable":true,"href":"https:\/\/www.caririemacao.com\/1\/wp-json\/wp\/v2\/users\/1"}],"replies":[{"embeddable":true,"href":"https:\/\/www.caririemacao.com\/1\/wp-json\/wp\/v2\/comments?post=61057"}],"version-history":[{"count":1,"href":"https:\/\/www.caririemacao.com\/1\/wp-json\/wp\/v2\/posts\/61057\/revisions"}],"predecessor-version":[{"id":61059,"href":"https:\/\/www.caririemacao.com\/1\/wp-json\/wp\/v2\/posts\/61057\/revisions\/61059"}],"wp:featuredmedia":[{"embeddable":true,"href":"https:\/\/www.caririemacao.com\/1\/wp-json\/wp\/v2\/media\/61058"}],"wp:attachment":[{"href":"https:\/\/www.caririemacao.com\/1\/wp-json\/wp\/v2\/media?parent=61057"}],"wp:term":[{"taxonomy":"category","embeddable":true,"href":"https:\/\/www.caririemacao.com\/1\/wp-json\/wp\/v2\/categories?post=61057"},{"taxonomy":"post_tag","embeddable":true,"href":"https:\/\/www.caririemacao.com\/1\/wp-json\/wp\/v2\/tags?post=61057"}],"curies":[{"name":"wp","href":"https:\/\/api.w.org\/{rel}","templated":true}]}}