{"id":61060,"date":"2018-08-11T21:51:42","date_gmt":"2018-08-12T00:51:42","guid":{"rendered":"http:\/\/caririemacao.com\/1\/?p=61060"},"modified":"2018-08-11T21:51:42","modified_gmt":"2018-08-12T00:51:42","slug":"camara-de-gurjao-realiza-reuniao-e-aprova-varias-proposituras-em-defesa-da-populacao","status":"publish","type":"post","link":"https:\/\/www.caririemacao.com\/1\/2018\/08\/11\/camara-de-gurjao-realiza-reuniao-e-aprova-varias-proposituras-em-defesa-da-populacao\/","title":{"rendered":"C\u00e2mara de Gurj\u00e3o realiza reuni\u00e3o e aprova v\u00e1rias proposituras em defesa da popula\u00e7\u00e3o"},"content":{"rendered":"<p>Sob a presid\u00eancia do vereador Adailsinho Queiroz, a C\u00e2mara de Gurj\u00e3o realizou na noite desta sexta-feira, dia 10, mais uma sess\u00e3o ordin\u00e1ria. A sess\u00e3o foi bastante produtiva.<\/p>\n<p><strong>Confira o que foram aprovados na sess\u00e3o:<\/strong><\/p>\n<p>O vereador <strong>J\u00fanior Moraes<\/strong> solicitou a gest\u00e3o municipal que realize reparos e manuten\u00e7\u00f5es da escola p\u00fablica, localizada na comunidade Angico no munic\u00edpio de Gurj\u00e3o. J\u00e1 em outra proposta, o vereador l\u00edder do governo pediu a constru\u00e7\u00e3o de muros nas unidades de sa\u00fade recentemente constru\u00eddas nas comunidades de Riacho dos Reis e Riacho Salgado<\/p>\n<p>J\u00fanior ainda apresentou voto de pesar em nome do senhor Ant\u00f4nio Benjamim de Moraes falecido no munic\u00edpio de Gurj\u00e3o.<\/p>\n<p>O vereador <strong>Marcelo Farias<\/strong> apresentou propositura solicitando a pavimenta\u00e7\u00e3o das ruas Iraci de Farias Teixeira, Nem\u00e9zio de Faria Souza, ambas localizadas no conjunto Manoel Ivo de Moraes. O vereador tamb\u00e9m solicitou que fossem feitas melhorias na coleta de lixo na localidade.<\/p>\n<p>O vereador <strong>Diogo Coutinho<\/strong> solicitou a constru\u00e7\u00e3o de um mercado p\u00fablico no munic\u00edpio de Gurj\u00e3o. Diogo justificou dizendo que seu pedido beneficiar\u00e1 comerciantes que atuam na informalidade no munic\u00edpio. De acordo com Diogo, a medida incentiva \u00e0 gera\u00e7\u00e3o de emprego e renda no munic\u00edpio.<\/p>\n<p>Diogo tamb\u00e9m solicitou a implanta\u00e7\u00e3o do aterro sanit\u00e1rio no munic\u00edpio, buscando assim a adequa\u00e7\u00e3o da cidade a Pol\u00edtica Nacional de Res\u00edduos S\u00f3lidos prevista na lei 12.305\/10. O vereador tamb\u00e9m apresentou o voto de pesar em nome de Manoel Severino da Silva conhecido popularmente como Manoel das panelas.<\/p>\n<p>O vereador presidente, Adailsinho Queiroz apresentou um voto de pesar em nome de Carmina Dion\u00edsio da Silva.<\/p>\n<p>Por fim, foi aprovado o Decreto Legislativo N\u00ba 02\/2018, de autoria do vereador J\u00fanior Moraes que concede o t\u00edtulo de cidadania ao senhor Valdemir Ferreira Filho.<\/p>\n<p><img fetchpriority=\"high\" decoding=\"async\" class=\"alignnone size-full wp-image-61067\" src=\"http:\/\/caririemacao.com\/1\/wp-content\/uploads\/2018\/08\/WhatsApp-Image-2018-08-10-at-21.00.57.jpeg\" alt=\"\" width=\"774\" height=\"1032\" srcset=\"https:\/\/www.caririemacao.com\/1\/wp-content\/uploads\/2018\/08\/WhatsApp-Image-2018-08-10-at-21.00.57.jpeg 774w, https:\/\/www.caririemacao.com\/1\/wp-content\/uploads\/2018\/08\/WhatsApp-Image-2018-08-10-at-21.00.57-225x300.jpeg 225w, https:\/\/www.caririemacao.com\/1\/wp-content\/uploads\/2018\/08\/WhatsApp-Image-2018-08-10-at-21.00.57-768x1024.jpeg 768w\" sizes=\"(max-width: 774px) 100vw, 774px\" \/> <img decoding=\"async\" class=\"alignnone size-full wp-image-61062 lazyload\" data-src=\"http:\/\/caririemacao.com\/1\/wp-content\/uploads\/2018\/08\/WhatsApp-Image-2018-08-10-at-21.01.00.jpeg\" alt=\"\" width=\"1024\" height=\"768\" data-srcset=\"https:\/\/www.caririemacao.com\/1\/wp-content\/uploads\/2018\/08\/WhatsApp-Image-2018-08-10-at-21.01.00.jpeg 1024w, https:\/\/www.caririemacao.com\/1\/wp-content\/uploads\/2018\/08\/WhatsApp-Image-2018-08-10-at-21.01.00-300x225.jpeg 300w, https:\/\/www.caririemacao.com\/1\/wp-content\/uploads\/2018\/08\/WhatsApp-Image-2018-08-10-at-21.01.00-768x576.jpeg 768w\" data-sizes=\"(max-width: 1024px) 100vw, 1024px\" src=\"data:image\/svg+xml;base64,PHN2ZyB3aWR0aD0iMSIgaGVpZ2h0PSIxIiB4bWxucz0iaHR0cDovL3d3dy53My5vcmcvMjAwMC9zdmciPjwvc3ZnPg==\" style=\"--smush-placeholder-width: 1024px; --smush-placeholder-aspect-ratio: 1024\/768;\" \/> <img decoding=\"async\" class=\"alignnone size-full wp-image-61061 lazyload\" data-src=\"http:\/\/caririemacao.com\/1\/wp-content\/uploads\/2018\/08\/WhatsApp-Image-2018-08-10-at-21.01.00-1.jpeg\" alt=\"\" width=\"1024\" height=\"768\" data-srcset=\"https:\/\/www.caririemacao.com\/1\/wp-content\/uploads\/2018\/08\/WhatsApp-Image-2018-08-10-at-21.01.00-1.jpeg 1024w, https:\/\/www.caririemacao.com\/1\/wp-content\/uploads\/2018\/08\/WhatsApp-Image-2018-08-10-at-21.01.00-1-300x225.jpeg 300w, https:\/\/www.caririemacao.com\/1\/wp-content\/uploads\/2018\/08\/WhatsApp-Image-2018-08-10-at-21.01.00-1-768x576.jpeg 768w\" data-sizes=\"(max-width: 1024px) 100vw, 1024px\" src=\"data:image\/svg+xml;base64,PHN2ZyB3aWR0aD0iMSIgaGVpZ2h0PSIxIiB4bWxucz0iaHR0cDovL3d3dy53My5vcmcvMjAwMC9zdmciPjwvc3ZnPg==\" style=\"--smush-placeholder-width: 1024px; --smush-placeholder-aspect-ratio: 1024\/768;\" \/> <img decoding=\"async\" class=\"alignnone size-full wp-image-61065 lazyload\" data-src=\"http:\/\/caririemacao.com\/1\/wp-content\/uploads\/2018\/08\/WhatsApp-Image-2018-08-10-at-21.00.58-1.jpeg\" alt=\"\" width=\"1024\" height=\"768\" data-srcset=\"https:\/\/www.caririemacao.com\/1\/wp-content\/uploads\/2018\/08\/WhatsApp-Image-2018-08-10-at-21.00.58-1.jpeg 1024w, https:\/\/www.caririemacao.com\/1\/wp-content\/uploads\/2018\/08\/WhatsApp-Image-2018-08-10-at-21.00.58-1-300x225.jpeg 300w, https:\/\/www.caririemacao.com\/1\/wp-content\/uploads\/2018\/08\/WhatsApp-Image-2018-08-10-at-21.00.58-1-768x576.jpeg 768w\" data-sizes=\"(max-width: 1024px) 100vw, 1024px\" src=\"data:image\/svg+xml;base64,PHN2ZyB3aWR0aD0iMSIgaGVpZ2h0PSIxIiB4bWxucz0iaHR0cDovL3d3dy53My5vcmcvMjAwMC9zdmciPjwvc3ZnPg==\" style=\"--smush-placeholder-width: 1024px; --smush-placeholder-aspect-ratio: 1024\/768;\" \/> <img decoding=\"async\" class=\"alignnone size-full wp-image-61064 lazyload\" data-src=\"http:\/\/caririemacao.com\/1\/wp-content\/uploads\/2018\/08\/WhatsApp-Image-2018-08-10-at-21.00.59.jpeg\" alt=\"\" width=\"1024\" height=\"768\" data-srcset=\"https:\/\/www.caririemacao.com\/1\/wp-content\/uploads\/2018\/08\/WhatsApp-Image-2018-08-10-at-21.00.59.jpeg 1024w, https:\/\/www.caririemacao.com\/1\/wp-content\/uploads\/2018\/08\/WhatsApp-Image-2018-08-10-at-21.00.59-300x225.jpeg 300w, https:\/\/www.caririemacao.com\/1\/wp-content\/uploads\/2018\/08\/WhatsApp-Image-2018-08-10-at-21.00.59-768x576.jpeg 768w\" data-sizes=\"(max-width: 1024px) 100vw, 1024px\" src=\"data:image\/svg+xml;base64,PHN2ZyB3aWR0aD0iMSIgaGVpZ2h0PSIxIiB4bWxucz0iaHR0cDovL3d3dy53My5vcmcvMjAwMC9zdmciPjwvc3ZnPg==\" style=\"--smush-placeholder-width: 1024px; --smush-placeholder-aspect-ratio: 1024\/768;\" \/><\/p>\n","protected":false},"excerpt":{"rendered":"<p>Sob a presid\u00eancia do vereador Adailsinho Queiroz, a C\u00e2mara de Gurj\u00e3o realizou na noite desta sexta-feira, dia 10, mais uma sess\u00e3o ordin\u00e1ria. A sess\u00e3o foi&hellip; <\/p>\n","protected":false},"author":2,"featured_media":61063,"comment_status":"closed","ping_status":"closed","sticky":false,"template":"","format":"standard","meta":{"sfsi_plus_gutenberg_text_before_share":"","sfsi_plus_gutenberg_show_text_before_share":"","sfsi_plus_gutenberg_icon_type":"","sfsi_plus_gutenberg_icon_alignemt":"","sfsi_plus_gutenburg_max_per_row":"","footnotes":""},"categories":[11],"tags":[],"class_list":["post-61060","post","type-post","status-publish","format-standard","has-post-thumbnail","hentry","category-politica"],"_links":{"self":[{"href":"https:\/\/www.caririemacao.com\/1\/wp-json\/wp\/v2\/posts\/61060","targetHints":{"allow":["GET"]}}],"collection":[{"href":"https:\/\/www.caririemacao.com\/1\/wp-json\/wp\/v2\/posts"}],"about":[{"href":"https:\/\/www.caririemacao.com\/1\/wp-json\/wp\/v2\/types\/post"}],"author":[{"embeddable":true,"href":"https:\/\/www.caririemacao.com\/1\/wp-json\/wp\/v2\/users\/2"}],"replies":[{"embeddable":true,"href":"https:\/\/www.caririemacao.com\/1\/wp-json\/wp\/v2\/comments?post=61060"}],"version-history":[{"count":1,"href":"https:\/\/www.caririemacao.com\/1\/wp-json\/wp\/v2\/posts\/61060\/revisions"}],"predecessor-version":[{"id":61068,"href":"https:\/\/www.caririemacao.com\/1\/wp-json\/wp\/v2\/posts\/61060\/revisions\/61068"}],"wp:featuredmedia":[{"embeddable":true,"href":"https:\/\/www.caririemacao.com\/1\/wp-json\/wp\/v2\/media\/61063"}],"wp:attachment":[{"href":"https:\/\/www.caririemacao.com\/1\/wp-json\/wp\/v2\/media?parent=61060"}],"wp:term":[{"taxonomy":"category","embeddable":true,"href":"https:\/\/www.caririemacao.com\/1\/wp-json\/wp\/v2\/categories?post=61060"},{"taxonomy":"post_tag","embeddable":true,"href":"https:\/\/www.caririemacao.com\/1\/wp-json\/wp\/v2\/tags?post=61060"}],"curies":[{"name":"wp","href":"https:\/\/api.w.org\/{rel}","templated":true}]}}