{"id":61077,"date":"2018-08-11T22:05:58","date_gmt":"2018-08-12T01:05:58","guid":{"rendered":"http:\/\/caririemacao.com\/1\/?p=61077"},"modified":"2018-08-11T22:05:58","modified_gmt":"2018-08-12T01:05:58","slug":"pf-aponta-indicio-de-que-marqueteiro-de-aecio-recebeu-da-odebrecht-sem-prestar-servico-senador-nega","status":"publish","type":"post","link":"https:\/\/www.caririemacao.com\/1\/2018\/08\/11\/pf-aponta-indicio-de-que-marqueteiro-de-aecio-recebeu-da-odebrecht-sem-prestar-servico-senador-nega\/","title":{"rendered":"PF aponta ind\u00edcio de que marqueteiro de A\u00e9cio recebeu da Odebrecht sem prestar servi\u00e7o; senador nega"},"content":{"rendered":"<div class=\"mc-column content-text active-extra-styles active-capital-letter\" data-block-type=\"unstyled\" data-block-weight=\"28\" data-block-id=\"2\">\n<p class=\"content-text__container theme-color-primary-first-letter\" data-track-category=\"Link no Texto\" data-track-links=\"\">A pol\u00edcia Federal apontou mais um ind\u00edcio de que entre 2009 e 2010 o marqueteiro do senador A\u00e9cio Neves (PSDB) recebeu dinheiro da empreiteira Odebrecht sem prestar servi\u00e7o.<\/p>\n<\/div>\n<div class=\"wall\">\n<div class=\"mc-column content-text active-extra-styles \" data-block-type=\"unstyled\" data-block-weight=\"17\" data-block-id=\"3\">\n<p class=\"content-text__container \" data-track-category=\"Link no Texto\" data-track-links=\"\">O\u00a0inqu\u00e9rito foi aberto no ano passado a partir da dela\u00e7\u00e3o premiada de executivos da construtora Odebrecht.<\/p>\n<\/div>\n<div class=\"mc-column content-text active-extra-styles \" data-block-type=\"unstyled\" data-block-weight=\"32\" data-block-id=\"4\">\n<p class=\"content-text__container \" data-track-category=\"Link no Texto\" data-track-links=\"\">Em depoimento, o executivo S\u00e9rgio Neves disse que, a pedido do senador, a Odebrecht repassou dinheiro por meio de caixa 2 para a campanha de Antonio Anastasia ao governo de Minas Gerais.<\/p>\n<\/div>\n<div class=\"mc-column content-text active-extra-styles \" data-block-type=\"unstyled\" data-block-weight=\"21\" data-block-id=\"5\">\n<p class=\"content-text__container \" data-track-category=\"Link no Texto\" data-track-links=\"\">De acordo com a investiga\u00e7\u00e3o, a contrapartida seria ajuda \u00e0 Odebrecht, para a empresa obter benef\u00edcios em obras em Minas Gerais.<\/p>\n<\/div>\n<div class=\"mc-column content-text active-extra-styles \" data-block-type=\"unstyled\" data-block-weight=\"55\" data-block-id=\"6\">\n<p class=\"content-text__container \" data-track-category=\"Link no Texto\" data-track-links=\"\">Em nota, a defesa de A\u00e9cio Neves disse que n\u00e3o houve nenhum ato irregular por parte do senador, que nenhum delator fez qualquer acusa\u00e7\u00e3o referente \u00e0 exist\u00eancia de contrapartida pelo senador e que o servi\u00e7o de publicidade foi prestado. A assessoria de Antonio Anastasia afirmou que ele nunca tratou de qualquer assunto il\u00edcito com ningu\u00e9m.<\/p>\n<\/div>\n<div class=\"mc-column content-text active-extra-styles \" data-block-type=\"unstyled\" data-block-weight=\"17\" data-block-id=\"7\">\n<p class=\"content-text__container \" data-track-category=\"Link no Texto\" data-track-links=\"\">O pagamento de R$ 1,8 milh\u00e3o teria sido combinado diretamente com o executivo Benedicto Junior, da Odebrecht.<\/p>\n<\/div>\n<div class=\"mc-column content-text active-extra-styles \" data-block-type=\"unstyled\" data-block-weight=\"76\" data-block-id=\"8\">\n<p class=\"content-text__container \" data-track-category=\"Link no Texto\" data-track-links=\"\">\u201cEm junho de 2009, Benedito Jr. me procurou reportando que havia acertado com A\u00e9cio Neves um apoio para a pr\u00e9-campanha do Antonio Anastasia para o governo de Minas, para concorrer como candidato ao governo de Minas. Me indicou que o valor que a empresa iria contribuir era de R$ 1,8 milh\u00e3o e que deveria ser feito via um contrato com o marqueteiro do A\u00e9cio, que era o Paulo Vasconcelos do Ros\u00e1rio\u201d, disse S\u00e9rgio Neves no depoimento.<\/p>\n<\/div>\n<div class=\"mc-column content-text active-extra-styles \" data-block-type=\"unstyled\" data-block-weight=\"35\" data-block-id=\"9\">\n<p class=\"content-text__container \" data-track-category=\"Link no Texto\" data-track-links=\"\">O executivo ainda contou na dela\u00e7\u00e3o que Vasconcelos o procurou e os dois teriam combinado que o pagamento seria feito por meio de um contrato fict\u00edcio de um plano estrat\u00e9gico de comunica\u00e7\u00e3o para a empresa.<\/p>\n<\/div>\n<div class=\"mc-column content-text active-extra-styles \" data-block-type=\"unstyled\" data-block-weight=\"62\" data-block-id=\"10\">\n<p class=\"content-text__container \" data-track-category=\"Link no Texto\" data-track-links=\"\">\u201cDessa forma, depois de acertado, chegado a um consenso com o Paulo sobre o escopo, esse escopo, eu elaborei na sequ\u00eancia o contrato que contemplava 12 parcelas de R$ 150 mil, totalizando R$ 1,8 mih\u00e3o. Os valores come\u00e7aram a ser pagos em julho de 2009 e conclu\u00edram at\u00e9 julho de 2010. Foram pagos integralmente, sem que nenhum servi\u00e7o tivesse sido prestado\u201d, declarou.<\/p>\n<\/div>\n<\/div>\n<p data-track-category=\"Link no Texto\" data-track-links=\"\">\n<p data-track-category=\"Link no Texto\" data-track-links=\"\"><strong>Globo.com\/Foto: Reprodu\u00e7\u00e3o\u00a0<\/strong><\/p>\n<p>Cariri Em A\u00e7\u00e3o<\/p>\n<p>Leia mais not\u00edcias em\u00a0<a href=\"http:\/\/www.caririemacao.com\/\">caririemacao.com<\/a>, siga nossa p\u00e1gina no\u00a0<a href=\"https:\/\/www.facebook.com\/CaririEmAcao\/?ref=aymt_homepage_panel\">Facebook<\/a>,\u00a0<a href=\"https:\/\/www.instagram.com\/cariri_em_acao\/?hl=pt-br\">Instagram<\/a>\u00a0e\u00a0<a href=\"https:\/\/www.youtube.com\/channel\/UCAptA0jQuYQy8vMhLt2m4qg\">Youtube<\/a>\u00a0e veja nossas mat\u00e9rias, v\u00eddeos e fotos. Voc\u00ea tamb\u00e9m pode enviar informa\u00e7\u00f5es \u00e0 Reda\u00e7\u00e3o do Portal Cariri em A\u00e7\u00e3o pelo WhatsApp (83) 9 9634.5791, (83) 9 9601-1162.<\/p>\n","protected":false},"excerpt":{"rendered":"<p>A pol\u00edcia Federal apontou mais um ind\u00edcio de que entre 2009 e 2010 o marqueteiro do senador A\u00e9cio Neves (PSDB) recebeu dinheiro da empreiteira Odebrecht&hellip; <\/p>\n","protected":false},"author":1,"featured_media":34247,"comment_status":"closed","ping_status":"closed","sticky":false,"template":"","format":"standard","meta":{"sfsi_plus_gutenberg_text_before_share":"","sfsi_plus_gutenberg_show_text_before_share":"","sfsi_plus_gutenberg_icon_type":"","sfsi_plus_gutenberg_icon_alignemt":"","sfsi_plus_gutenburg_max_per_row":"","footnotes":""},"categories":[11],"tags":[],"class_list":["post-61077","post","type-post","status-publish","format-standard","has-post-thumbnail","hentry","category-politica"],"_links":{"self":[{"href":"https:\/\/www.caririemacao.com\/1\/wp-json\/wp\/v2\/posts\/61077","targetHints":{"allow":["GET"]}}],"collection":[{"href":"https:\/\/www.caririemacao.com\/1\/wp-json\/wp\/v2\/posts"}],"about":[{"href":"https:\/\/www.caririemacao.com\/1\/wp-json\/wp\/v2\/types\/post"}],"author":[{"embeddable":true,"href":"https:\/\/www.caririemacao.com\/1\/wp-json\/wp\/v2\/users\/1"}],"replies":[{"embeddable":true,"href":"https:\/\/www.caririemacao.com\/1\/wp-json\/wp\/v2\/comments?post=61077"}],"version-history":[{"count":1,"href":"https:\/\/www.caririemacao.com\/1\/wp-json\/wp\/v2\/posts\/61077\/revisions"}],"predecessor-version":[{"id":61078,"href":"https:\/\/www.caririemacao.com\/1\/wp-json\/wp\/v2\/posts\/61077\/revisions\/61078"}],"wp:featuredmedia":[{"embeddable":true,"href":"https:\/\/www.caririemacao.com\/1\/wp-json\/wp\/v2\/media\/34247"}],"wp:attachment":[{"href":"https:\/\/www.caririemacao.com\/1\/wp-json\/wp\/v2\/media?parent=61077"}],"wp:term":[{"taxonomy":"category","embeddable":true,"href":"https:\/\/www.caririemacao.com\/1\/wp-json\/wp\/v2\/categories?post=61077"},{"taxonomy":"post_tag","embeddable":true,"href":"https:\/\/www.caririemacao.com\/1\/wp-json\/wp\/v2\/tags?post=61077"}],"curies":[{"name":"wp","href":"https:\/\/api.w.org\/{rel}","templated":true}]}}