{"id":61079,"date":"2018-08-11T22:08:52","date_gmt":"2018-08-12T01:08:52","guid":{"rendered":"http:\/\/caririemacao.com\/1\/?p=61079"},"modified":"2018-08-11T22:08:52","modified_gmt":"2018-08-12T01:08:52","slug":"adailsinho-dedica-mensagem-aos-estudantes-de-gurjao","status":"publish","type":"post","link":"https:\/\/www.caririemacao.com\/1\/2018\/08\/11\/adailsinho-dedica-mensagem-aos-estudantes-de-gurjao\/","title":{"rendered":"Adailsinho dedica mensagem aos estudantes de Gurj\u00e3o"},"content":{"rendered":"<p>O presidente da C\u00e2mara de Gurj\u00e3o, Adailsinho Queiroz (PSB) dedicou uma mensagem especial a todos os estudantes de Gurj\u00e3o, em alus\u00e3o ao Dia do Estudante, comemorado neste s\u00e1bado, dia 11 de agosto.<\/p>\n<p>Na mensagem, o vereador enfatiza a luta dos estudantes para alcan\u00e7ar seus objetivos e fazer uma sociedade melhor.<\/p>\n<p><strong>Leia mensagem<\/strong><\/p>\n<p>Voc\u00ea, estudante \u00e9 quem pode se considerar uma pessoa muito batalhadora. Uma pessoa que batalha todo dia, \u00e0 busca de mais conhecimento a cada instante. Algu\u00e9m, que luta para alcan\u00e7ar seus objetivos, sem nunca ter pensado em desistir.<\/p>\n<p>\u00c9 como se essa palavra n\u00e3o existisse no seu vocabul\u00e1rio. Algu\u00e9m que jamais quer estar em primeiro lugar, sem jamais ter passado por cima de qualquer pessoa que seja.<\/p>\n<p>Estudante n\u00e3o tem idade, pode ser que tenha seis ou sessenta anos, n\u00e3o importa, o importante \u00e9 que cada pessoa um dia j\u00e1 foi ou vai ser um verdadeiro e um eterno estudante. Parab\u00e9ns a voc\u00ea estudante pelo seu dia!<\/p>\n","protected":false},"excerpt":{"rendered":"<p>O presidente da C\u00e2mara de Gurj\u00e3o, Adailsinho Queiroz (PSB) dedicou uma mensagem especial a todos os estudantes de Gurj\u00e3o, em alus\u00e3o ao Dia do Estudante,&hellip; <\/p>\n","protected":false},"author":2,"featured_media":32965,"comment_status":"closed","ping_status":"closed","sticky":false,"template":"","format":"standard","meta":{"sfsi_plus_gutenberg_text_before_share":"","sfsi_plus_gutenberg_show_text_before_share":"","sfsi_plus_gutenberg_icon_type":"","sfsi_plus_gutenberg_icon_alignemt":"","sfsi_plus_gutenburg_max_per_row":"","footnotes":""},"categories":[11],"tags":[],"class_list":["post-61079","post","type-post","status-publish","format-standard","has-post-thumbnail","hentry","category-politica"],"_links":{"self":[{"href":"https:\/\/www.caririemacao.com\/1\/wp-json\/wp\/v2\/posts\/61079","targetHints":{"allow":["GET"]}}],"collection":[{"href":"https:\/\/www.caririemacao.com\/1\/wp-json\/wp\/v2\/posts"}],"about":[{"href":"https:\/\/www.caririemacao.com\/1\/wp-json\/wp\/v2\/types\/post"}],"author":[{"embeddable":true,"href":"https:\/\/www.caririemacao.com\/1\/wp-json\/wp\/v2\/users\/2"}],"replies":[{"embeddable":true,"href":"https:\/\/www.caririemacao.com\/1\/wp-json\/wp\/v2\/comments?post=61079"}],"version-history":[{"count":1,"href":"https:\/\/www.caririemacao.com\/1\/wp-json\/wp\/v2\/posts\/61079\/revisions"}],"predecessor-version":[{"id":61080,"href":"https:\/\/www.caririemacao.com\/1\/wp-json\/wp\/v2\/posts\/61079\/revisions\/61080"}],"wp:featuredmedia":[{"embeddable":true,"href":"https:\/\/www.caririemacao.com\/1\/wp-json\/wp\/v2\/media\/32965"}],"wp:attachment":[{"href":"https:\/\/www.caririemacao.com\/1\/wp-json\/wp\/v2\/media?parent=61079"}],"wp:term":[{"taxonomy":"category","embeddable":true,"href":"https:\/\/www.caririemacao.com\/1\/wp-json\/wp\/v2\/categories?post=61079"},{"taxonomy":"post_tag","embeddable":true,"href":"https:\/\/www.caririemacao.com\/1\/wp-json\/wp\/v2\/tags?post=61079"}],"curies":[{"name":"wp","href":"https:\/\/api.w.org\/{rel}","templated":true}]}}