{"id":61102,"date":"2018-08-12T09:28:43","date_gmt":"2018-08-12T12:28:43","guid":{"rendered":"http:\/\/caririemacao.com\/1\/?p=61102"},"modified":"2018-08-12T09:28:43","modified_gmt":"2018-08-12T12:28:43","slug":"prefeita-e-vice-prefeito-de-ouro-velho-deixam-sua-mensagem-de-dia-dos-pais","status":"publish","type":"post","link":"https:\/\/www.caririemacao.com\/1\/2018\/08\/12\/prefeita-e-vice-prefeito-de-ouro-velho-deixam-sua-mensagem-de-dia-dos-pais\/","title":{"rendered":"Prefeita e vice-prefeito de Ouro Velho deixam sua mensagem de Dia dos Pais"},"content":{"rendered":"<p>Queremos nesse dia especial deixar nosso carinho e nosso abra\u00e7o a todos os pais de Ouro Velho.<\/p>\n<p>Sabemos que ser pai \u00e9 ter algu\u00e9m para se orgulhar, algu\u00e9m para agradecer e, especialmente, algu\u00e9m para amar. Ser pai \u00e9: sorrir, chorar, sofrer, gargalhar. Ser filho \u00e9: agradecer todos os dias a oportunidade de ter um pai mesmo que distante ou ausente.<\/p>\n","protected":false},"excerpt":{"rendered":"<p>Queremos nesse dia especial deixar nosso carinho e nosso abra\u00e7o a todos os pais de Ouro Velho. Sabemos que ser pai \u00e9 ter algu\u00e9m para&hellip; <\/p>\n","protected":false},"author":2,"featured_media":61105,"comment_status":"closed","ping_status":"closed","sticky":false,"template":"","format":"standard","meta":{"sfsi_plus_gutenberg_text_before_share":"","sfsi_plus_gutenberg_show_text_before_share":"","sfsi_plus_gutenberg_icon_type":"","sfsi_plus_gutenberg_icon_alignemt":"","sfsi_plus_gutenburg_max_per_row":"","footnotes":""},"categories":[2],"tags":[],"class_list":["post-61102","post","type-post","status-publish","format-standard","has-post-thumbnail","hentry","category-geral"],"_links":{"self":[{"href":"https:\/\/www.caririemacao.com\/1\/wp-json\/wp\/v2\/posts\/61102","targetHints":{"allow":["GET"]}}],"collection":[{"href":"https:\/\/www.caririemacao.com\/1\/wp-json\/wp\/v2\/posts"}],"about":[{"href":"https:\/\/www.caririemacao.com\/1\/wp-json\/wp\/v2\/types\/post"}],"author":[{"embeddable":true,"href":"https:\/\/www.caririemacao.com\/1\/wp-json\/wp\/v2\/users\/2"}],"replies":[{"embeddable":true,"href":"https:\/\/www.caririemacao.com\/1\/wp-json\/wp\/v2\/comments?post=61102"}],"version-history":[{"count":1,"href":"https:\/\/www.caririemacao.com\/1\/wp-json\/wp\/v2\/posts\/61102\/revisions"}],"predecessor-version":[{"id":61104,"href":"https:\/\/www.caririemacao.com\/1\/wp-json\/wp\/v2\/posts\/61102\/revisions\/61104"}],"wp:featuredmedia":[{"embeddable":true,"href":"https:\/\/www.caririemacao.com\/1\/wp-json\/wp\/v2\/media\/61105"}],"wp:attachment":[{"href":"https:\/\/www.caririemacao.com\/1\/wp-json\/wp\/v2\/media?parent=61102"}],"wp:term":[{"taxonomy":"category","embeddable":true,"href":"https:\/\/www.caririemacao.com\/1\/wp-json\/wp\/v2\/categories?post=61102"},{"taxonomy":"post_tag","embeddable":true,"href":"https:\/\/www.caririemacao.com\/1\/wp-json\/wp\/v2\/tags?post=61102"}],"curies":[{"name":"wp","href":"https:\/\/api.w.org\/{rel}","templated":true}]}}