{"id":61103,"date":"2018-08-12T09:42:05","date_gmt":"2018-08-12T12:42:05","guid":{"rendered":"http:\/\/caririemacao.com\/1\/?p=61103"},"modified":"2018-08-12T09:42:05","modified_gmt":"2018-08-12T12:42:05","slug":"revelada-a-trama-presidente-do-trf4-deu-ordem-por-telefone-a-pf-para-manter-lula-preso","status":"publish","type":"post","link":"https:\/\/www.caririemacao.com\/1\/2018\/08\/12\/revelada-a-trama-presidente-do-trf4-deu-ordem-por-telefone-a-pf-para-manter-lula-preso\/","title":{"rendered":"Revelada a trama: Presidente do TRF4 deu ordem por telefone \u00e0 PF para manter Lula preso"},"content":{"rendered":"<p>Em\u00a0entrevista\u00a0\u00e0 jornalista Andreza Matais, o diretor-geral da Pol\u00ed\u00adcia Federal, Rog\u00e9rio Galloro, falou pela primeira vez sobre o epis\u00f3dio em que a ordem judicial para soltar o ex-presidente Lula, feita pelo desembargador Rog\u00e9rio Favretto, do TRF-4, foi descumprida. Segundo Galloro, partiu do presidente do TRF-4, Carlos Eduardo Thompson Flores (foto), a determina\u00e7\u00e3o para descumprir o alvar\u00e1 de soltura. Thompson\u00a0Flores alegou que havia um \u2018conflito de compet\u00eancia\u2019 entre Favretto e o desembargador Gebran Neto, o que era falso, porque apenas o desembargador de plant\u00e3o tinha o poder de decis\u00e3o naquela data. Segundo a revista Veja, Gebran disse ter ignorado a lei brasileira para manter Lula preso (saiba mais\u00a0<a class=\"campsite_external_link\" href=\"https:\/\/www.brasil247.com\/pt\/247\/midiatech\/364940\/Veja-Gebran-admitiu-a-amigos-que-ignorou-a-lei-para-manter-Lula-preso.htm\" target=\"_blank\" rel=\"noopener\">aqui<\/a>).<\/p>\n<p><strong>Leia, abaixo, o trecho em que Galloro fala sobre a atua\u00c3\u00a7\u00c3\u00a3o de Thompson Flores no caso:<\/strong><\/p>\n<p><strong>Em algum momento a PF pensou em soltar o ex-presidente?<\/strong><\/p>\n<p>Diante das diverg\u00eancias, decidimos fazer a nossa interpreta\u00e7\u00e3o. Conclui\u00admos que ir\u00ed\u00adamos cumprir a decis\u00e3o do plantonista do TRF-4. Falei para o ministro Raul Jungmann (Seguran\u00e7a P\u00fablica): \u2018Ministro, n\u00f3s vamos soltar\u2019. Em seguida, a (procuradora-geral da Rep\u00fablica) Raquel Dodge me ligou e disse que estava protocolando no STJ (Superior Tribunal de Justi\u00e7a) contra a soltura.<\/p>\n<p>\u2018E agora?\u2019 Depois foi o (presidente do TRF-4) Thompson (Flores) quem nos ligou. \u2018Eu estou determinando, n\u00e3o soltem\u2019. O telefonema dele veio antes de expirar uma hora. Valeu o telefonema.<\/p>\n<p>&nbsp;<\/p>\n<p><strong>Blog do Ti\u00e3o\/Foto: Reprodu\u00e7\u00e3o\u00a0<\/strong><\/p>\n<p>Cariri Em A\u00e7\u00e3o<\/p>\n<p>Leia mais not\u00edcias em\u00a0<a href=\"http:\/\/www.caririemacao.com\/\">caririemacao.com<\/a>, siga nossa p\u00e1gina no\u00a0<a href=\"https:\/\/www.facebook.com\/CaririEmAcao\/?ref=aymt_homepage_panel\">Facebook<\/a>,\u00a0<a href=\"https:\/\/www.instagram.com\/cariri_em_acao\/?hl=pt-br\">Instagram<\/a>\u00a0e\u00a0<a href=\"https:\/\/www.youtube.com\/channel\/UCAptA0jQuYQy8vMhLt2m4qg\">Youtube<\/a>\u00a0e veja nossas mat\u00e9rias, v\u00eddeos e fotos. Voc\u00ea tamb\u00e9m pode enviar informa\u00e7\u00f5es \u00e0 Reda\u00e7\u00e3o do Portal Cariri em A\u00e7\u00e3o pelo WhatsApp (83) 9 9634.5791, (83) 9 9601-1162.<\/p>\n","protected":false},"excerpt":{"rendered":"<p>Em\u00a0entrevista\u00a0\u00e0 jornalista Andreza Matais, o diretor-geral da Pol\u00ed\u00adcia Federal, Rog\u00e9rio Galloro, falou pela primeira vez sobre o epis\u00f3dio em que a ordem judicial para soltar&hellip; <\/p>\n","protected":false},"author":1,"featured_media":61108,"comment_status":"closed","ping_status":"closed","sticky":false,"template":"","format":"standard","meta":{"sfsi_plus_gutenberg_text_before_share":"","sfsi_plus_gutenberg_show_text_before_share":"","sfsi_plus_gutenberg_icon_type":"","sfsi_plus_gutenberg_icon_alignemt":"","sfsi_plus_gutenburg_max_per_row":"","footnotes":""},"categories":[11],"tags":[],"class_list":["post-61103","post","type-post","status-publish","format-standard","has-post-thumbnail","hentry","category-politica"],"_links":{"self":[{"href":"https:\/\/www.caririemacao.com\/1\/wp-json\/wp\/v2\/posts\/61103","targetHints":{"allow":["GET"]}}],"collection":[{"href":"https:\/\/www.caririemacao.com\/1\/wp-json\/wp\/v2\/posts"}],"about":[{"href":"https:\/\/www.caririemacao.com\/1\/wp-json\/wp\/v2\/types\/post"}],"author":[{"embeddable":true,"href":"https:\/\/www.caririemacao.com\/1\/wp-json\/wp\/v2\/users\/1"}],"replies":[{"embeddable":true,"href":"https:\/\/www.caririemacao.com\/1\/wp-json\/wp\/v2\/comments?post=61103"}],"version-history":[{"count":1,"href":"https:\/\/www.caririemacao.com\/1\/wp-json\/wp\/v2\/posts\/61103\/revisions"}],"predecessor-version":[{"id":61109,"href":"https:\/\/www.caririemacao.com\/1\/wp-json\/wp\/v2\/posts\/61103\/revisions\/61109"}],"wp:featuredmedia":[{"embeddable":true,"href":"https:\/\/www.caririemacao.com\/1\/wp-json\/wp\/v2\/media\/61108"}],"wp:attachment":[{"href":"https:\/\/www.caririemacao.com\/1\/wp-json\/wp\/v2\/media?parent=61103"}],"wp:term":[{"taxonomy":"category","embeddable":true,"href":"https:\/\/www.caririemacao.com\/1\/wp-json\/wp\/v2\/categories?post=61103"},{"taxonomy":"post_tag","embeddable":true,"href":"https:\/\/www.caririemacao.com\/1\/wp-json\/wp\/v2\/tags?post=61103"}],"curies":[{"name":"wp","href":"https:\/\/api.w.org\/{rel}","templated":true}]}}