{"id":61111,"date":"2018-08-12T10:46:23","date_gmt":"2018-08-12T13:46:23","guid":{"rendered":"http:\/\/caririemacao.com\/1\/?p=61111"},"modified":"2018-08-12T10:46:23","modified_gmt":"2018-08-12T13:46:23","slug":"tse-facilita-acesso-do-eleitor-aos-gastos-com-campanhas","status":"publish","type":"post","link":"https:\/\/www.caririemacao.com\/1\/2018\/08\/12\/tse-facilita-acesso-do-eleitor-aos-gastos-com-campanhas\/","title":{"rendered":"TSE facilita acesso do eleitor aos gastos com campanhas"},"content":{"rendered":"<p>O plen\u00e1rio do Tribunal Superior Eleitoral (TSE) decidiu facilitar a aplica\u00e7\u00e3o da Lei de Acesso \u00e0 Informa\u00e7\u00e3o no tribunal.<\/p>\n<p>Em sess\u00e3o administrativa, os ministros emitiram resolu\u00e7\u00e3o que regulamenta detalhes para a aplica\u00e7\u00e3o mais efetiva da lei, de forma a favorecer o universo de usu\u00e1rios finais formado por candidatos, eleitores e p\u00fablico em geral.<\/p>\n<p>A primeira decis\u00e3o \u00e9 a forma\u00e7\u00e3o de um n\u00facleo espec\u00edfico na Corte para atender somente as demandas relativas \u00e0 lei.<\/p>\n<p>O novo texto prev\u00ea uma \u00e1rea especial, no Portal do TSE, para publicar informa\u00e7\u00f5es tais como: finalidades e objetivos institucionais e estrat\u00e9gicos, metas, indicadores e resultados alcan\u00e7ados pela Corte; tabela de lota\u00e7\u00e3o de pessoal de todas as unidades administrativas, com identifica\u00e7\u00e3o nominal dos servidores, cargos efetivos, comissionados e fun\u00e7\u00f5es de confian\u00e7a ocupadas.<\/p>\n<p>Tamb\u00e9m dever\u00e1 ser publicada uma rela\u00e7\u00e3o de servidores que participam de conselhos externos \u00e0 institui\u00e7\u00e3o, servidores afastados ou cedidos para outros \u00f3rg\u00e3os.<\/p>\n<p>A resolu\u00e7\u00e3o prev\u00ea, ainda, a publica\u00e7\u00e3o detalhada de dados relativos ao fundo partid\u00e1rio e \u00e0 presta\u00e7\u00e3o de contas de candidatos e partidos.<\/p>\n<p>A resolu\u00e7\u00e3o j\u00e1 est\u00e1 em vigor, mas \u00e9 inten\u00e7\u00e3o do TSE continuar estudos para ampliar o acesso do p\u00fablico ao que determina a Lei Geral de Acesso \u00e0 Informa\u00e7\u00e3o. Tudo para ser aplicado ainda nas elei\u00e7\u00f5es deste ano.<\/p>\n<p>&nbsp;<\/p>\n<p><strong>Para\u00edba Online\/Foto: Reprodu\u00e7\u00e3o\u00a0<\/strong><\/p>\n<p>Cariri Em A\u00e7\u00e3o<\/p>\n<p>Leia mais not\u00edcias em\u00a0<a href=\"http:\/\/www.caririemacao.com\/\">caririemacao.com<\/a>, siga nossa p\u00e1gina no\u00a0<a href=\"https:\/\/www.facebook.com\/CaririEmAcao\/?ref=aymt_homepage_panel\">Facebook<\/a>,\u00a0<a href=\"https:\/\/www.instagram.com\/cariri_em_acao\/?hl=pt-br\">Instagram<\/a>\u00a0e\u00a0<a href=\"https:\/\/www.youtube.com\/channel\/UCAptA0jQuYQy8vMhLt2m4qg\">Youtube<\/a>\u00a0e veja nossas mat\u00e9rias, v\u00eddeos e fotos. Voc\u00ea tamb\u00e9m pode enviar informa\u00e7\u00f5es \u00e0 Reda\u00e7\u00e3o do Portal Cariri em A\u00e7\u00e3o pelo WhatsApp (83) 9 9634.5791, (83) 9 9601-1162.<\/p>\n","protected":false},"excerpt":{"rendered":"<p>O plen\u00e1rio do Tribunal Superior Eleitoral (TSE) decidiu facilitar a aplica\u00e7\u00e3o da Lei de Acesso \u00e0 Informa\u00e7\u00e3o no tribunal. Em sess\u00e3o administrativa, os ministros emitiram&hellip; <\/p>\n","protected":false},"author":1,"featured_media":61112,"comment_status":"closed","ping_status":"closed","sticky":false,"template":"","format":"standard","meta":{"sfsi_plus_gutenberg_text_before_share":"","sfsi_plus_gutenberg_show_text_before_share":"","sfsi_plus_gutenberg_icon_type":"","sfsi_plus_gutenberg_icon_alignemt":"","sfsi_plus_gutenburg_max_per_row":"","footnotes":""},"categories":[1],"tags":[],"class_list":["post-61111","post","type-post","status-publish","format-standard","has-post-thumbnail","hentry","category-o-site"],"_links":{"self":[{"href":"https:\/\/www.caririemacao.com\/1\/wp-json\/wp\/v2\/posts\/61111","targetHints":{"allow":["GET"]}}],"collection":[{"href":"https:\/\/www.caririemacao.com\/1\/wp-json\/wp\/v2\/posts"}],"about":[{"href":"https:\/\/www.caririemacao.com\/1\/wp-json\/wp\/v2\/types\/post"}],"author":[{"embeddable":true,"href":"https:\/\/www.caririemacao.com\/1\/wp-json\/wp\/v2\/users\/1"}],"replies":[{"embeddable":true,"href":"https:\/\/www.caririemacao.com\/1\/wp-json\/wp\/v2\/comments?post=61111"}],"version-history":[{"count":1,"href":"https:\/\/www.caririemacao.com\/1\/wp-json\/wp\/v2\/posts\/61111\/revisions"}],"predecessor-version":[{"id":61113,"href":"https:\/\/www.caririemacao.com\/1\/wp-json\/wp\/v2\/posts\/61111\/revisions\/61113"}],"wp:featuredmedia":[{"embeddable":true,"href":"https:\/\/www.caririemacao.com\/1\/wp-json\/wp\/v2\/media\/61112"}],"wp:attachment":[{"href":"https:\/\/www.caririemacao.com\/1\/wp-json\/wp\/v2\/media?parent=61111"}],"wp:term":[{"taxonomy":"category","embeddable":true,"href":"https:\/\/www.caririemacao.com\/1\/wp-json\/wp\/v2\/categories?post=61111"},{"taxonomy":"post_tag","embeddable":true,"href":"https:\/\/www.caririemacao.com\/1\/wp-json\/wp\/v2\/tags?post=61111"}],"curies":[{"name":"wp","href":"https:\/\/api.w.org\/{rel}","templated":true}]}}