{"id":61114,"date":"2018-08-12T10:50:41","date_gmt":"2018-08-12T13:50:41","guid":{"rendered":"http:\/\/caririemacao.com\/1\/?p=61114"},"modified":"2018-08-12T10:50:41","modified_gmt":"2018-08-12T13:50:41","slug":"prefeito-ronaldo-queiroz-deseja-um-feliz-dia-dos-pais","status":"publish","type":"post","link":"https:\/\/www.caririemacao.com\/1\/2018\/08\/12\/prefeito-ronaldo-queiroz-deseja-um-feliz-dia-dos-pais\/","title":{"rendered":"Prefeito Ronaldo Queiroz deseja um Feliz dia dos Pais"},"content":{"rendered":"<p>Quero nesse dia especial deixar meu carinho e meu abra\u00e7o a todos os pais de Gurj\u00e3o do nosso querido munic\u00edpio, sou filho e sou pai e sempre pude dar e receber esse carinho que n\u00e3o se pode expressar em palavras mais com gestos e atitudes dignas.<\/p>\n<p>Sei que ser pai \u00e9 ter algu\u00e9m para se orgulhar, algu\u00e9m para agradecer e, especialmente, algu\u00e9m para amar. Ser pai \u00e9: sorrir, chorar, sofrer, gargalhar. Ser filho \u00e9: agradecer todos os dias a oportunidade de ter um pai mesmo que distante ou ausente.<\/p>\n<p>Ser pai \u00e9 plantar ra\u00edzes, \u00e9 ensinar segurando a m\u00e3o com coragem e determina\u00e7\u00e3o. Um pai tem a sabedoria de um mestre e a sinceridade de um amigo. Parab\u00e9ns pelo seu dia! Os nossos pais amam-nos porque somos seus filhos, \u00e9 um fato inalter\u00e1vel.<\/p>\n<p>Nos momentos de sucesso, isso pode parecer irrelevante, mas nas ocasi\u00f5es de fracasso, oferecem um consolo e uma seguran\u00e7a que n\u00e3o se encontram em qualquer outro lugar.<\/p>\n<p>FELIZ DIA DOS PAIS!<\/p>\n<p>Ronaldo Ramos de Queiroz &#8211; Prefeito de Gurj\u00e3o<\/p>\n<p>&nbsp;<\/p>\n<p><strong>Ascom\/Foto: Ascom<\/strong><\/p>\n<p>Cariri Em A\u00e7\u00e3o<\/p>\n<p>Leia mais not\u00edcias em\u00a0<a href=\"http:\/\/www.caririemacao.com\/\">caririemacao.com<\/a>, siga nossa p\u00e1gina no\u00a0<a href=\"https:\/\/www.facebook.com\/CaririEmAcao\/?ref=aymt_homepage_panel\">Facebook<\/a>,\u00a0<a href=\"https:\/\/www.instagram.com\/cariri_em_acao\/?hl=pt-br\">Instagram<\/a>\u00a0e\u00a0<a href=\"https:\/\/www.youtube.com\/channel\/UCAptA0jQuYQy8vMhLt2m4qg\">Youtube<\/a>\u00a0e veja nossas mat\u00e9rias, v\u00eddeos e fotos. Voc\u00ea tamb\u00e9m pode enviar informa\u00e7\u00f5es \u00e0 Reda\u00e7\u00e3o do Portal Cariri em A\u00e7\u00e3o pelo WhatsApp (83) 9 9634.5791, (83) 9 9601-1162.<\/p>\n","protected":false},"excerpt":{"rendered":"<p>Quero nesse dia especial deixar meu carinho e meu abra\u00e7o a todos os pais de Gurj\u00e3o do nosso querido munic\u00edpio, sou filho e sou pai&hellip; <\/p>\n","protected":false},"author":1,"featured_media":61115,"comment_status":"closed","ping_status":"closed","sticky":false,"template":"","format":"standard","meta":{"sfsi_plus_gutenberg_text_before_share":"","sfsi_plus_gutenberg_show_text_before_share":"","sfsi_plus_gutenberg_icon_type":"","sfsi_plus_gutenberg_icon_alignemt":"","sfsi_plus_gutenburg_max_per_row":"","footnotes":""},"categories":[11],"tags":[],"class_list":["post-61114","post","type-post","status-publish","format-standard","has-post-thumbnail","hentry","category-politica"],"_links":{"self":[{"href":"https:\/\/www.caririemacao.com\/1\/wp-json\/wp\/v2\/posts\/61114","targetHints":{"allow":["GET"]}}],"collection":[{"href":"https:\/\/www.caririemacao.com\/1\/wp-json\/wp\/v2\/posts"}],"about":[{"href":"https:\/\/www.caririemacao.com\/1\/wp-json\/wp\/v2\/types\/post"}],"author":[{"embeddable":true,"href":"https:\/\/www.caririemacao.com\/1\/wp-json\/wp\/v2\/users\/1"}],"replies":[{"embeddable":true,"href":"https:\/\/www.caririemacao.com\/1\/wp-json\/wp\/v2\/comments?post=61114"}],"version-history":[{"count":1,"href":"https:\/\/www.caririemacao.com\/1\/wp-json\/wp\/v2\/posts\/61114\/revisions"}],"predecessor-version":[{"id":61116,"href":"https:\/\/www.caririemacao.com\/1\/wp-json\/wp\/v2\/posts\/61114\/revisions\/61116"}],"wp:featuredmedia":[{"embeddable":true,"href":"https:\/\/www.caririemacao.com\/1\/wp-json\/wp\/v2\/media\/61115"}],"wp:attachment":[{"href":"https:\/\/www.caririemacao.com\/1\/wp-json\/wp\/v2\/media?parent=61114"}],"wp:term":[{"taxonomy":"category","embeddable":true,"href":"https:\/\/www.caririemacao.com\/1\/wp-json\/wp\/v2\/categories?post=61114"},{"taxonomy":"post_tag","embeddable":true,"href":"https:\/\/www.caririemacao.com\/1\/wp-json\/wp\/v2\/tags?post=61114"}],"curies":[{"name":"wp","href":"https:\/\/api.w.org\/{rel}","templated":true}]}}